{"id":1027,"date":"2018-11-19T23:57:09","date_gmt":"2018-11-19T22:57:09","guid":{"rendered":"http:\/\/www.karate-sochaczew.pl\/?p=1027"},"modified":"2018-11-19T23:57:09","modified_gmt":"2018-11-19T22:57:09","slug":"ruszaja-zapisy-na-oboz-zimowy-na-slowacji-zapraszamy","status":"publish","type":"post","link":"http:\/\/www.karate-sochaczew.pl\/index.php\/2018\/11\/19\/ruszaja-zapisy-na-oboz-zimowy-na-slowacji-zapraszamy\/","title":{"rendered":"Ruszaj\u0105 ZAPISY na Ob\u00f3z Zimowy na S\u0142owacji . ZAPRASZAMY"},"content":{"rendered":"<p><img decoding=\"async\" loading=\"lazy\" class=\"aligncenter size-full wp-image-1028\" src=\"http:\/\/www.karate-sochaczew.pl\/wp-content\/uploads\/2018\/11\/1.jpg\" alt=\"1\" width=\"1654\" height=\"2339\" srcset=\"http:\/\/www.karate-sochaczew.pl\/wp-content\/uploads\/2018\/11\/1.jpg 1654w, http:\/\/www.karate-sochaczew.pl\/wp-content\/uploads\/2018\/11\/1-212x300.jpg 212w, http:\/\/www.karate-sochaczew.pl\/wp-content\/uploads\/2018\/11\/1-768x1086.jpg 768w, http:\/\/www.karate-sochaczew.pl\/wp-content\/uploads\/2018\/11\/1-724x1024.jpg 724w\" sizes=\"(max-width: 1654px) 100vw, 1654px\" \/><img decoding=\"async\" loading=\"lazy\" class=\"aligncenter size-full wp-image-1029\" src=\"http:\/\/www.karate-sochaczew.pl\/wp-content\/uploads\/2018\/11\/2.jpg\" alt=\"2\" width=\"1654\" height=\"2339\" srcset=\"http:\/\/www.karate-sochaczew.pl\/wp-content\/uploads\/2018\/11\/2.jpg 1654w, http:\/\/www.karate-sochaczew.pl\/wp-content\/uploads\/2018\/11\/2-212x300.jpg 212w, http:\/\/www.karate-sochaczew.pl\/wp-content\/uploads\/2018\/11\/2-768x1086.jpg 768w, http:\/\/www.karate-sochaczew.pl\/wp-content\/uploads\/2018\/11\/2-724x1024.jpg 724w\" sizes=\"(max-width: 1654px) 100vw, 1654px\" \/><\/p>\n","protected":false},"excerpt":{"rendered":"","protected":false},"author":1,"featured_media":0,"comment_status":"closed","ping_status":"closed","sticky":false,"template":"","format":"standard","meta":[],"categories":[18],"tags":[],"_links":{"self":[{"href":"http:\/\/www.karate-sochaczew.pl\/index.php\/wp-json\/wp\/v2\/posts\/1027"}],"collection":[{"href":"http:\/\/www.karate-sochaczew.pl\/index.php\/wp-json\/wp\/v2\/posts"}],"about":[{"href":"http:\/\/www.karate-sochaczew.pl\/index.php\/wp-json\/wp\/v2\/types\/post"}],"author":[{"embeddable":true,"href":"http:\/\/www.karate-sochaczew.pl\/index.php\/wp-json\/wp\/v2\/users\/1"}],"replies":[{"embeddable":true,"href":"http:\/\/www.karate-sochaczew.pl\/index.php\/wp-json\/wp\/v2\/comments?post=1027"}],"version-history":[{"count":1,"href":"http:\/\/www.karate-sochaczew.pl\/index.php\/wp-json\/wp\/v2\/posts\/1027\/revisions"}],"predecessor-version":[{"id":1030,"href":"http:\/\/www.karate-sochaczew.pl\/index.php\/wp-json\/wp\/v2\/posts\/1027\/revisions\/1030"}],"wp:attachment":[{"href":"http:\/\/www.karate-sochaczew.pl\/index.php\/wp-json\/wp\/v2\/media?parent=1027"}],"wp:term":[{"taxonomy":"category","embeddable":true,"href":"http:\/\/www.karate-sochaczew.pl\/index.php\/wp-json\/wp\/v2\/categories?post=1027"},{"taxonomy":"post_tag","embeddable":true,"href":"http:\/\/www.karate-sochaczew.pl\/index.php\/wp-json\/wp\/v2\/tags?post=1027"}],"curies":[{"name":"wp","href":"https:\/\/api.w.org\/{rel}","templated":true}]}}