{"id":1036,"date":"2018-12-07T09:39:20","date_gmt":"2018-12-07T08:39:20","guid":{"rendered":"http:\/\/www.karate-sochaczew.pl\/?p=1036"},"modified":"2018-12-07T09:39:20","modified_gmt":"2018-12-07T08:39:20","slug":"19-medali-naszych-karatekow-na-turnieju-w-podkowie-lesnej","status":"publish","type":"post","link":"http:\/\/www.karate-sochaczew.pl\/index.php\/2018\/12\/07\/19-medali-naszych-karatekow-na-turnieju-w-podkowie-lesnej\/","title":{"rendered":"19 medali naszych Karatek\u00f3w na Turnieju w Podkowie Le\u015bnej !!!"},"content":{"rendered":"<p>Wspania\u0142e wie\u015bci z Podkowy Le\u015bnej, w kt\u00f3rej 1 grudnia odby\u0142 si\u0119 Turniej Ekomiko\u0142ajkowy<span class=\"_5mfr\"><span class=\"_6qdm\">?<\/span><\/span><span class=\"_5mfr\"><span class=\"_6qdm\">?<\/span><\/span><span class=\"_5mfr\"><span class=\"_6qdm\">?<\/span><\/span><span class=\"_5mfr\"><span class=\"_6qdm\">?<\/span><\/span>\u00a0w Karate Tradycyjnym. Karatecy z Karate Klub Sochaczew mocno zaznaczyli swoj\u0105 obecno\u015b\u0107 zdobywaj\u0105c a\u017c 19 medali!!!!!. Nasz Klub reprezentowa\u0142o 55 Zawodnik\u00f3w. Wszyscy dawali z siebie 100% si\u0142y, energii i zaanga\u017cowania<span class=\"_5mfr\"><span class=\"_6qdm\">?<\/span><\/span><span class=\"_5mfr\"><span class=\"_6qdm\">?<\/span><\/span>\u00a0Przynios\u0142o to efekty w postaci wynik\u00f3w sportowych, kt\u00f3re prezentujemy poni\u017cej:<br \/>\nI miejsce zaj\u0119li:<br \/>\n<span class=\"_5mfr\"><span class=\"_6qdm\">?<\/span><\/span>Jan Milczarek<span class=\"_5mfr\"><span class=\"_6qdm\">?<\/span><\/span>Tomasz W\u0142odarczyk<span class=\"_5mfr\"><span class=\"_6qdm\">?<\/span><\/span>Patryk Traczyk<span class=\"text_exposed_show\"><span class=\"_5mfr\"><span class=\"_6qdm\">?<\/span><\/span>Piotr Grajewski<span class=\"_5mfr\"><span class=\"_6qdm\">?<\/span><\/span>Adam Dudzi\u0144ski<span class=\"_5mfr\"><span class=\"_6qdm\">?<\/span><\/span>Anna Wysocka<br \/>\n<span class=\"_5mfr\"><span class=\"_6qdm\">?<\/span><\/span>Bianka Kosmalska<br \/>\nII miejsce zaj\u0119li:<span class=\"_5mfr\"><span class=\"_6qdm\">?<\/span><\/span>Weronika J\u0119draszczak<span class=\"_5mfr\"><span class=\"_6qdm\">?<\/span><\/span>Krzysztof Chojnacki<span class=\"_5mfr\"><span class=\"_6qdm\">?<\/span><\/span>Adam W\u0142odarczyk<span class=\"_5mfr\"><span class=\"_6qdm\">?<\/span><\/span>Stanis\u0142aw Bryczek<br \/>\n<span class=\"_5mfr\"><span class=\"_6qdm\">?<\/span><\/span>Weronika Wilczy\u0144ska<br \/>\nIII miejsce zaj\u0119li:<span class=\"_5mfr\"><span class=\"_6qdm\">?<\/span><\/span>Tymon J\u0119dykiewicz<span class=\"_5mfr\"><span class=\"_6qdm\">?<\/span><\/span>Iwo Kubik<span class=\"_5mfr\"><span class=\"_6qdm\">?<\/span><\/span>Franciszek Tomaszewski<span class=\"_5mfr\"><span class=\"_6qdm\">?<\/span><\/span>Oskar Obcowski<span class=\"_5mfr\"><span class=\"_6qdm\">?<\/span><\/span>Tymon Kochan<span class=\"_5mfr\"><span class=\"_6qdm\">?<\/span><\/span>Amelia Jaskulska<span class=\"_5mfr\"><span class=\"_6qdm\">?<\/span><\/span>Jakub Krysztofiak<br \/>\nGratulujemy wszystkim startuj\u0105cym. Oss<\/span><\/p>\n<p><img decoding=\"async\" loading=\"lazy\" class=\"aligncenter size-full wp-image-1037\" src=\"http:\/\/www.karate-sochaczew.pl\/wp-content\/uploads\/2018\/12\/0.jpg\" alt=\"0\" width=\"640\" height=\"480\" srcset=\"http:\/\/www.karate-sochaczew.pl\/wp-content\/uploads\/2018\/12\/0.jpg 640w, http:\/\/www.karate-sochaczew.pl\/wp-content\/uploads\/2018\/12\/0-300x225.jpg 300w\" sizes=\"(max-width: 640px) 100vw, 640px\" \/><img decoding=\"async\" loading=\"lazy\" class=\"aligncenter size-full wp-image-1038\" src=\"http:\/\/www.karate-sochaczew.pl\/wp-content\/uploads\/2018\/12\/1.jpg\" alt=\"1\" width=\"4160\" height=\"3120\" srcset=\"http:\/\/www.karate-sochaczew.pl\/wp-content\/uploads\/2018\/12\/1.jpg 4160w, http:\/\/www.karate-sochaczew.pl\/wp-content\/uploads\/2018\/12\/1-300x225.jpg 300w, http:\/\/www.karate-sochaczew.pl\/wp-content\/uploads\/2018\/12\/1-768x576.jpg 768w, http:\/\/www.karate-sochaczew.pl\/wp-content\/uploads\/2018\/12\/1-1024x768.jpg 1024w\" sizes=\"(max-width: 4160px) 100vw, 4160px\" \/><img decoding=\"async\" loading=\"lazy\" class=\"aligncenter size-full wp-image-1039\" src=\"http:\/\/www.karate-sochaczew.pl\/wp-content\/uploads\/2018\/12\/2.jpg\" alt=\"2\" width=\"4160\" height=\"3120\" srcset=\"http:\/\/www.karate-sochaczew.pl\/wp-content\/uploads\/2018\/12\/2.jpg 4160w, http:\/\/www.karate-sochaczew.pl\/wp-content\/uploads\/2018\/12\/2-300x225.jpg 300w, http:\/\/www.karate-sochaczew.pl\/wp-content\/uploads\/2018\/12\/2-768x576.jpg 768w, http:\/\/www.karate-sochaczew.pl\/wp-content\/uploads\/2018\/12\/2-1024x768.jpg 1024w\" sizes=\"(max-width: 4160px) 100vw, 4160px\" \/><img decoding=\"async\" loading=\"lazy\" class=\"aligncenter size-full wp-image-1040\" src=\"http:\/\/www.karate-sochaczew.pl\/wp-content\/uploads\/2018\/12\/47211434_188688545408792_3697224456758886400_n.jpg\" alt=\"47211434_188688545408792_3697224456758886400_n\" width=\"720\" height=\"960\" srcset=\"http:\/\/www.karate-sochaczew.pl\/wp-content\/uploads\/2018\/12\/47211434_188688545408792_3697224456758886400_n.jpg 720w, http:\/\/www.karate-sochaczew.pl\/wp-content\/uploads\/2018\/12\/47211434_188688545408792_3697224456758886400_n-225x300.jpg 225w\" sizes=\"(max-width: 720px) 100vw, 720px\" \/><img decoding=\"async\" loading=\"lazy\" class=\"aligncenter size-full wp-image-1041\" src=\"http:\/\/www.karate-sochaczew.pl\/wp-content\/uploads\/2018\/12\/5.jpg\" alt=\"5\" width=\"4160\" height=\"3120\" srcset=\"http:\/\/www.karate-sochaczew.pl\/wp-content\/uploads\/2018\/12\/5.jpg 4160w, http:\/\/www.karate-sochaczew.pl\/wp-content\/uploads\/2018\/12\/5-300x225.jpg 300w, http:\/\/www.karate-sochaczew.pl\/wp-content\/uploads\/2018\/12\/5-768x576.jpg 768w, http:\/\/www.karate-sochaczew.pl\/wp-content\/uploads\/2018\/12\/5-1024x768.jpg 1024w\" sizes=\"(max-width: 4160px) 100vw, 4160px\" \/><img decoding=\"async\" loading=\"lazy\" class=\"aligncenter size-full wp-image-1042\" src=\"http:\/\/www.karate-sochaczew.pl\/wp-content\/uploads\/2018\/12\/4.jpg\" alt=\"4\" width=\"4160\" height=\"3120\" srcset=\"http:\/\/www.karate-sochaczew.pl\/wp-content\/uploads\/2018\/12\/4.jpg 4160w, http:\/\/www.karate-sochaczew.pl\/wp-content\/uploads\/2018\/12\/4-300x225.jpg 300w, http:\/\/www.karate-sochaczew.pl\/wp-content\/uploads\/2018\/12\/4-768x576.jpg 768w, http:\/\/www.karate-sochaczew.pl\/wp-content\/uploads\/2018\/12\/4-1024x768.jpg 1024w\" sizes=\"(max-width: 4160px) 100vw, 4160px\" \/><\/p>\n","protected":false},"excerpt":{"rendered":"<p>Wspania\u0142e wie\u015bci z Podkowy Le\u015bnej, w kt\u00f3rej 1 grudnia odby\u0142 si\u0119 Turniej Ekomiko\u0142ajkowy????\u00a0w Karate Tradycyjnym. Karatecy z Karate Klub Sochaczew mocno zaznaczyli swoj\u0105 obecno\u015b\u0107 zdobywaj\u0105c a\u017c 19 medali!!!!!. Nasz Klub reprezentowa\u0142o 55 Zawodnik\u00f3w. Wszyscy dawali z siebie 100% si\u0142y, energii i zaanga\u017cowania??\u00a0Przynios\u0142o to efekty w postaci wynik\u00f3w sportowych, kt\u00f3re prezentujemy poni\u017cej: I miejsce zaj\u0119li: ?Jan Milczarek?Tomasz W\u0142odarczyk?Patryk Traczyk?Piotr Grajewski?Adam Dudzi\u0144ski?Anna<\/p>\n","protected":false},"author":1,"featured_media":0,"comment_status":"closed","ping_status":"closed","sticky":false,"template":"","format":"standard","meta":[],"categories":[1],"tags":[],"_links":{"self":[{"href":"http:\/\/www.karate-sochaczew.pl\/index.php\/wp-json\/wp\/v2\/posts\/1036"}],"collection":[{"href":"http:\/\/www.karate-sochaczew.pl\/index.php\/wp-json\/wp\/v2\/posts"}],"about":[{"href":"http:\/\/www.karate-sochaczew.pl\/index.php\/wp-json\/wp\/v2\/types\/post"}],"author":[{"embeddable":true,"href":"http:\/\/www.karate-sochaczew.pl\/index.php\/wp-json\/wp\/v2\/users\/1"}],"replies":[{"embeddable":true,"href":"http:\/\/www.karate-sochaczew.pl\/index.php\/wp-json\/wp\/v2\/comments?post=1036"}],"version-history":[{"count":1,"href":"http:\/\/www.karate-sochaczew.pl\/index.php\/wp-json\/wp\/v2\/posts\/1036\/revisions"}],"predecessor-version":[{"id":1043,"href":"http:\/\/www.karate-sochaczew.pl\/index.php\/wp-json\/wp\/v2\/posts\/1036\/revisions\/1043"}],"wp:attachment":[{"href":"http:\/\/www.karate-sochaczew.pl\/index.php\/wp-json\/wp\/v2\/media?parent=1036"}],"wp:term":[{"taxonomy":"category","embeddable":true,"href":"http:\/\/www.karate-sochaczew.pl\/index.php\/wp-json\/wp\/v2\/categories?post=1036"},{"taxonomy":"post_tag","embeddable":true,"href":"http:\/\/www.karate-sochaczew.pl\/index.php\/wp-json\/wp\/v2\/tags?post=1036"}],"curies":[{"name":"wp","href":"https:\/\/api.w.org\/{rel}","templated":true}]}}