{"id":1045,"date":"2018-12-09T16:56:47","date_gmt":"2018-12-09T15:56:47","guid":{"rendered":"http:\/\/www.karate-sochaczew.pl\/?p=1045"},"modified":"2018-12-09T16:58:05","modified_gmt":"2018-12-09T15:58:05","slug":"20-karatekow-z-naszego-klubu-zdobylo-11-medali-w-sulejowku","status":"publish","type":"post","link":"http:\/\/www.karate-sochaczew.pl\/index.php\/2018\/12\/09\/20-karatekow-z-naszego-klubu-zdobylo-11-medali-w-sulejowku\/","title":{"rendered":"20 Karatek\u00f3w z naszego Klubu zdoby\u0142o 11 medali w Sulej\u00f3wku"},"content":{"rendered":"<div class=\"\" data-block=\"true\" data-editor=\"2n98e\" data-offset-key=\"8q3u-0-0\">\n<div class=\"_1mf _1mj\" data-offset-key=\"8q3u-0-0\"><span data-offset-key=\"8q3u-0-0\"><span data-text=\"true\">8 grudnia w Sulej\u00f3wku odby\u0142 si\u0119 Turniej Gwiazdkowy<\/span><\/span><span class=\"_3gl1 _5zz4\" data-offset-key=\"8q3u-1-0\"><span class=\"_ncl\">?<\/span><\/span><span class=\"_3gl1 _5zz4\" data-offset-key=\"8q3u-2-0\"><span class=\"_ncl\">?<\/span><\/span><span class=\"_3gl1 _5zz4\" data-offset-key=\"8q3u-3-0\"><span class=\"_ncl\">?<\/span><\/span><span class=\"_3gl1 _5zz4\" data-offset-key=\"8q3u-4-0\"><span class=\"_ncl\">?<\/span><\/span><span class=\"_3gl1 _5zz4\" data-offset-key=\"8q3u-5-0\"><span class=\"_ncl\">?<\/span><\/span><span data-offset-key=\"8q3u-6-0\"><span data-text=\"true\"> o Puchar Burmistrza Miasta Sulej\u00f3wek. 20 osobowa ekipa KK Sochaczew zdoby\u0142a, a\u017c 11 medali. Ponad po\u0142owa naszych reprezentant\u00f3w stan\u0119\u0142a na podium<\/span><\/span><span class=\"_3gl1 _5zz4\" data-offset-key=\"8q3u-7-0\"><span class=\"_ncl\">?<\/span><\/span><span class=\"_3gl1 _5zz4\" data-offset-key=\"8q3u-8-0\"><span class=\"_ncl\">?<\/span><\/span><span class=\"_3gl1 _5zz4\" data-offset-key=\"8q3u-9-0\"><span class=\"_ncl\">?<\/span><\/span><span data-offset-key=\"8q3u-10-0\"><span data-text=\"true\">Po za aspektem sportowym, nale\u017cy wspomnie\u0107 o wspania\u0142ej atmosferze towarzysz\u0105cej zawodom. Na turnieju obecny by\u0142 <\/span><\/span><span class=\"_3gl1 _5zz4\" data-offset-key=\"8q3u-11-0\"><span class=\"_ncl\">?<\/span><\/span><span class=\"_3gl1 _5zz4\" data-offset-key=\"8q3u-12-0\"><span class=\"_ncl\">?<\/span><\/span><span class=\"_3gl1 _5zz4\" data-offset-key=\"8q3u-13-0\"><span class=\"_ncl\">?<\/span><\/span><span data-offset-key=\"8q3u-14-0\"><span data-text=\"true\"> \u015awi\u0119ty Miko\u0142aj, dzi\u0119ki kt\u00f3remu wszyscy zawodnicy wr\u00f3cili do dom\u00f3w z medalami i s\u0142odkimi <\/span><\/span><span class=\"_3gl1 _5zz4\" data-offset-key=\"8q3u-15-0\"><span class=\"_ncl\">?<\/span><\/span><span class=\"_3gl1 _5zz4\" data-offset-key=\"8q3u-16-0\"><span class=\"_ncl\">?<\/span><\/span><span class=\"_3gl1 _5zz4\" data-offset-key=\"8q3u-17-0\"><span class=\"_ncl\">?<\/span><\/span><span class=\"_3gl1 _5zz4\" data-offset-key=\"8q3u-18-0\"><span class=\"_ncl\">?<\/span><\/span><span class=\"_3gl1 _5zz4\" data-offset-key=\"8q3u-19-0\"><span class=\"_ncl\">?<\/span><\/span><span data-offset-key=\"8q3u-20-0\"><span data-text=\"true\"> paczkami. Wr\u00f3cili\u015bmy z zawod\u00f3w z bardzo dobrymi wra\u017ceniami, za co dzi\u0119kujemy organizatorowi <\/span><\/span><span class=\"_247o\" spellcheck=\"false\" data-offset-key=\"8q3u-21-0\"><span data-offset-key=\"8q3u-21-0\"><span data-text=\"true\">Mazowiecka Akademia Karate<\/span><\/span><\/span><span data-offset-key=\"8q3u-22-0\"><span data-text=\"true\">. Poni\u017cej przedstawiamy szczeg\u00f3\u0142owe wyniki naszych KARATEK\u00d3W:<\/span><\/span><\/div>\n<\/div>\n<div class=\"\" data-block=\"true\" data-editor=\"2n98e\" data-offset-key=\"2qgjn-0-0\">\n<div class=\"_1mf _1mj\" data-offset-key=\"2qgjn-0-0\"><span data-offset-key=\"2qgjn-0-0\"><span data-text=\"true\">I miejsce zaj\u0119li:<\/span><\/span><\/div>\n<\/div>\n<div class=\"\" data-block=\"true\" data-editor=\"2n98e\" data-offset-key=\"fa5dj-0-0\">\n<div class=\"_1mf _1mj\" data-offset-key=\"fa5dj-0-0\"><span class=\"_3gl1 _5zz4\" data-offset-key=\"fa5dj-0-0\"><span class=\"_ncl\">?<\/span><\/span><span data-offset-key=\"fa5dj-1-0\"><span data-text=\"true\"> Kalina Wi\u015bniewska<\/span><\/span><\/div>\n<\/div>\n<div class=\"\" data-block=\"true\" data-editor=\"2n98e\" data-offset-key=\"48k7i-0-0\">\n<div class=\"_1mf _1mj\" data-offset-key=\"48k7i-0-0\"><span class=\"_3gl1 _5zz4\" data-offset-key=\"48k7i-0-0\"><span class=\"_ncl\">?<\/span><\/span><span data-offset-key=\"48k7i-1-0\"><span data-text=\"true\"> Adam Dudzi\u0144ski<\/span><\/span><\/div>\n<\/div>\n<div class=\"\" data-block=\"true\" data-editor=\"2n98e\" data-offset-key=\"9q1a8-0-0\">\n<div class=\"_1mf _1mj\" data-offset-key=\"9q1a8-0-0\"><span class=\"_3gl1 _5zz4\" data-offset-key=\"9q1a8-0-0\"><span class=\"_ncl\">?<\/span><\/span><span data-offset-key=\"9q1a8-1-0\"><span data-text=\"true\"> Tomasz W\u0142odarczyk<\/span><\/span><\/div>\n<\/div>\n<div class=\"\" data-block=\"true\" data-editor=\"2n98e\" data-offset-key=\"9ob1o-0-0\">\n<div class=\"_1mf _1mj\" data-offset-key=\"9ob1o-0-0\"><span data-offset-key=\"9ob1o-0-0\"><span data-text=\"true\">II miejsce zaj\u0119li:<\/span><\/span><\/div>\n<\/div>\n<div class=\"\" data-block=\"true\" data-editor=\"2n98e\" data-offset-key=\"3l1gq-0-0\">\n<div class=\"_1mf _1mj\" data-offset-key=\"3l1gq-0-0\"><span class=\"_3gl1 _5zz4\" data-offset-key=\"3l1gq-0-0\"><span class=\"_ncl\">?<\/span><\/span><span data-offset-key=\"3l1gq-1-0\"><span data-text=\"true\"> Patrycja Sobczak<\/span><\/span><\/div>\n<\/div>\n<div class=\"\" data-block=\"true\" data-editor=\"2n98e\" data-offset-key=\"798mg-0-0\">\n<div class=\"_1mf _1mj\" data-offset-key=\"798mg-0-0\"><span class=\"_3gl1 _5zz4\" data-offset-key=\"798mg-0-0\"><span class=\"_ncl\">?<\/span><\/span><span data-offset-key=\"798mg-1-0\"><span data-text=\"true\"> Maja Kononowicz<\/span><\/span><\/div>\n<\/div>\n<div class=\"\" data-block=\"true\" data-editor=\"2n98e\" data-offset-key=\"7silm-0-0\">\n<div class=\"_1mf _1mj\" data-offset-key=\"7silm-0-0\"><span class=\"_3gl1 _5zz4\" data-offset-key=\"7silm-0-0\"><span class=\"_ncl\">?<\/span><\/span><span data-offset-key=\"7silm-1-0\"><span data-text=\"true\"> Krystian \u015awi\u0105tkowski<\/span><\/span><\/div>\n<\/div>\n<div class=\"\" data-block=\"true\" data-editor=\"2n98e\" data-offset-key=\"3q4f1-0-0\">\n<div class=\"_1mf _1mj\" data-offset-key=\"3q4f1-0-0\"><span class=\"_3gl1 _5zz4\" data-offset-key=\"3q4f1-0-0\"><span class=\"_ncl\">?<\/span><\/span><span data-offset-key=\"3q4f1-1-0\"><span data-text=\"true\"> Kuba \u015awi\u0105tkowski<\/span><\/span><\/div>\n<\/div>\n<div class=\"\" data-block=\"true\" data-editor=\"2n98e\" data-offset-key=\"ep7lq-0-0\">\n<div class=\"_1mf _1mj\" data-offset-key=\"ep7lq-0-0\"><span class=\"_3gl1 _5zz4\" data-offset-key=\"ep7lq-0-0\"><span class=\"_ncl\">?<\/span><\/span><span data-offset-key=\"ep7lq-1-0\"><span data-text=\"true\"> Marcel Kawecki<\/span><\/span><\/div>\n<\/div>\n<div class=\"\" data-block=\"true\" data-editor=\"2n98e\" data-offset-key=\"7lmbb-0-0\">\n<div class=\"_1mf _1mj\" data-offset-key=\"7lmbb-0-0\"><span class=\"_3gl1 _5zz4\" data-offset-key=\"7lmbb-0-0\"><span class=\"_ncl\">?<\/span><\/span><span data-offset-key=\"7lmbb-1-0\"><span data-text=\"true\"> Adam W\u0142odarczyk<\/span><\/span><\/div>\n<\/div>\n<div class=\"\" data-block=\"true\" data-editor=\"2n98e\" data-offset-key=\"7f65p-0-0\">\n<div class=\"_1mf _1mj\" data-offset-key=\"7f65p-0-0\"><span data-offset-key=\"7f65p-0-0\"><span data-text=\"true\">III miejsce zaj\u0119li:<\/span><\/span><\/div>\n<\/div>\n<div class=\"\" data-block=\"true\" data-editor=\"2n98e\" data-offset-key=\"fdeab-0-0\">\n<div class=\"_1mf _1mj\" data-offset-key=\"fdeab-0-0\"><span class=\"_3gl1 _5zz4\" data-offset-key=\"fdeab-0-0\"><span class=\"_ncl\">?<\/span><\/span><span data-offset-key=\"fdeab-1-0\"><span data-text=\"true\"> Sebastian Sejdak<\/span><\/span><\/div>\n<\/div>\n<div class=\"\" data-block=\"true\" data-editor=\"2n98e\" data-offset-key=\"et6ht-0-0\">\n<div class=\"_1mf _1mj\" data-offset-key=\"et6ht-0-0\"><span class=\"_3gl1 _5zz4\" data-offset-key=\"et6ht-0-0\"><span class=\"_ncl\">?<\/span><\/span><span data-offset-key=\"et6ht-1-0\"><span data-text=\"true\"> Jan Bryczek<\/span><\/span><\/div>\n<\/div>\n<div class=\"\" data-block=\"true\" data-editor=\"2n98e\" data-offset-key=\"9quu5-0-0\">\n<div class=\"_1mf _1mj\" data-offset-key=\"9quu5-0-0\"><span data-offset-key=\"9quu5-0-0\"><span data-text=\"true\">Podzi\u0119kowania za starty dla: Ani i Adama Wysockich, Oskara Obcowskiego, Jacka Wi\u015bniewskiego, Stasia Bryczka, Kuby Krysztofiaka, Krzysia Chojnackiego, Filipa Or\u0142owskiego, <\/span><\/span><\/div>\n<div class=\"_1mf _1mj\" data-offset-key=\"9quu5-0-0\"><img decoding=\"async\" loading=\"lazy\" class=\"aligncenter size-full wp-image-1046\" src=\"http:\/\/www.karate-sochaczew.pl\/wp-content\/uploads\/2018\/12\/1-1.jpg\" alt=\"1\" width=\"960\" height=\"720\" srcset=\"http:\/\/www.karate-sochaczew.pl\/wp-content\/uploads\/2018\/12\/1-1.jpg 960w, http:\/\/www.karate-sochaczew.pl\/wp-content\/uploads\/2018\/12\/1-1-300x225.jpg 300w, http:\/\/www.karate-sochaczew.pl\/wp-content\/uploads\/2018\/12\/1-1-768x576.jpg 768w\" sizes=\"(max-width: 960px) 100vw, 960px\" \/><br \/>\n<img decoding=\"async\" loading=\"lazy\" class=\"aligncenter size-full wp-image-1047\" src=\"http:\/\/www.karate-sochaczew.pl\/wp-content\/uploads\/2018\/12\/1a.jpg\" alt=\"1a\" width=\"960\" height=\"720\" srcset=\"http:\/\/www.karate-sochaczew.pl\/wp-content\/uploads\/2018\/12\/1a.jpg 960w, http:\/\/www.karate-sochaczew.pl\/wp-content\/uploads\/2018\/12\/1a-300x225.jpg 300w, http:\/\/www.karate-sochaczew.pl\/wp-content\/uploads\/2018\/12\/1a-768x576.jpg 768w\" sizes=\"(max-width: 960px) 100vw, 960px\" \/><img decoding=\"async\" loading=\"lazy\" class=\"aligncenter size-full wp-image-1048\" src=\"http:\/\/www.karate-sochaczew.pl\/wp-content\/uploads\/2018\/12\/2-1.jpg\" alt=\"2\" width=\"960\" height=\"540\" srcset=\"http:\/\/www.karate-sochaczew.pl\/wp-content\/uploads\/2018\/12\/2-1.jpg 960w, http:\/\/www.karate-sochaczew.pl\/wp-content\/uploads\/2018\/12\/2-1-300x169.jpg 300w, http:\/\/www.karate-sochaczew.pl\/wp-content\/uploads\/2018\/12\/2-1-768x432.jpg 768w\" sizes=\"(max-width: 960px) 100vw, 960px\" \/><img decoding=\"async\" loading=\"lazy\" class=\"aligncenter size-full wp-image-1049\" src=\"http:\/\/www.karate-sochaczew.pl\/wp-content\/uploads\/2018\/12\/3.jpg\" alt=\"3\" width=\"960\" height=\"720\" srcset=\"http:\/\/www.karate-sochaczew.pl\/wp-content\/uploads\/2018\/12\/3.jpg 960w, http:\/\/www.karate-sochaczew.pl\/wp-content\/uploads\/2018\/12\/3-300x225.jpg 300w, http:\/\/www.karate-sochaczew.pl\/wp-content\/uploads\/2018\/12\/3-768x576.jpg 768w\" sizes=\"(max-width: 960px) 100vw, 960px\" \/><img decoding=\"async\" loading=\"lazy\" class=\"aligncenter size-full wp-image-1050\" src=\"http:\/\/www.karate-sochaczew.pl\/wp-content\/uploads\/2018\/12\/4-1.jpg\" alt=\"4\" width=\"960\" height=\"540\" srcset=\"http:\/\/www.karate-sochaczew.pl\/wp-content\/uploads\/2018\/12\/4-1.jpg 960w, http:\/\/www.karate-sochaczew.pl\/wp-content\/uploads\/2018\/12\/4-1-300x169.jpg 300w, http:\/\/www.karate-sochaczew.pl\/wp-content\/uploads\/2018\/12\/4-1-768x432.jpg 768w\" sizes=\"(max-width: 960px) 100vw, 960px\" \/><br \/>\n<img decoding=\"async\" loading=\"lazy\" class=\"aligncenter size-full wp-image-1052\" src=\"http:\/\/www.karate-sochaczew.pl\/wp-content\/uploads\/2018\/12\/7.jpg\" alt=\"7\" width=\"2016\" height=\"980\" srcset=\"http:\/\/www.karate-sochaczew.pl\/wp-content\/uploads\/2018\/12\/7.jpg 2016w, http:\/\/www.karate-sochaczew.pl\/wp-content\/uploads\/2018\/12\/7-300x146.jpg 300w, http:\/\/www.karate-sochaczew.pl\/wp-content\/uploads\/2018\/12\/7-768x373.jpg 768w, http:\/\/www.karate-sochaczew.pl\/wp-content\/uploads\/2018\/12\/7-1024x498.jpg 1024w\" sizes=\"(max-width: 2016px) 100vw, 2016px\" \/><img decoding=\"async\" loading=\"lazy\" class=\"aligncenter size-full wp-image-1053\" src=\"http:\/\/www.karate-sochaczew.pl\/wp-content\/uploads\/2018\/12\/8.jpg\" alt=\"8\" width=\"960\" height=\"540\" srcset=\"http:\/\/www.karate-sochaczew.pl\/wp-content\/uploads\/2018\/12\/8.jpg 960w, http:\/\/www.karate-sochaczew.pl\/wp-content\/uploads\/2018\/12\/8-300x169.jpg 300w, http:\/\/www.karate-sochaczew.pl\/wp-content\/uploads\/2018\/12\/8-768x432.jpg 768w\" sizes=\"(max-width: 960px) 100vw, 960px\" \/><img decoding=\"async\" loading=\"lazy\" class=\"aligncenter size-full wp-image-1054\" src=\"http:\/\/www.karate-sochaczew.pl\/wp-content\/uploads\/2018\/12\/9.jpg\" alt=\"9\" width=\"960\" height=\"720\" srcset=\"http:\/\/www.karate-sochaczew.pl\/wp-content\/uploads\/2018\/12\/9.jpg 960w, http:\/\/www.karate-sochaczew.pl\/wp-content\/uploads\/2018\/12\/9-300x225.jpg 300w, http:\/\/www.karate-sochaczew.pl\/wp-content\/uploads\/2018\/12\/9-768x576.jpg 768w\" sizes=\"(max-width: 960px) 100vw, 960px\" \/><img decoding=\"async\" loading=\"lazy\" class=\"aligncenter size-full wp-image-1055\" src=\"http:\/\/www.karate-sochaczew.pl\/wp-content\/uploads\/2018\/12\/48046384_1935091089921679_8540409049231917056_n.jpg\" alt=\"48046384_1935091089921679_8540409049231917056_n\" width=\"416\" height=\"555\" srcset=\"http:\/\/www.karate-sochaczew.pl\/wp-content\/uploads\/2018\/12\/48046384_1935091089921679_8540409049231917056_n.jpg 416w, http:\/\/www.karate-sochaczew.pl\/wp-content\/uploads\/2018\/12\/48046384_1935091089921679_8540409049231917056_n-225x300.jpg 225w\" sizes=\"(max-width: 416px) 100vw, 416px\" \/><img decoding=\"async\" loading=\"lazy\" class=\"aligncenter size-full wp-image-1056\" src=\"http:\/\/www.karate-sochaczew.pl\/wp-content\/uploads\/2018\/12\/48366250_981908278660392_2845860899586048000_n.jpg\" alt=\"48366250_981908278660392_2845860899586048000_n\" width=\"360\" height=\"480\" srcset=\"http:\/\/www.karate-sochaczew.pl\/wp-content\/uploads\/2018\/12\/48366250_981908278660392_2845860899586048000_n.jpg 360w, http:\/\/www.karate-sochaczew.pl\/wp-content\/uploads\/2018\/12\/48366250_981908278660392_2845860899586048000_n-225x300.jpg 225w\" sizes=\"(max-width: 360px) 100vw, 360px\" \/><img decoding=\"async\" loading=\"lazy\" class=\"aligncenter size-full wp-image-1057\" src=\"http:\/\/www.karate-sochaczew.pl\/wp-content\/uploads\/2018\/12\/47689620_368622240576150_617467038461329408_n.jpg\" alt=\"47689620_368622240576150_617467038461329408_n\" width=\"416\" height=\"555\" srcset=\"http:\/\/www.karate-sochaczew.pl\/wp-content\/uploads\/2018\/12\/47689620_368622240576150_617467038461329408_n.jpg 416w, http:\/\/www.karate-sochaczew.pl\/wp-content\/uploads\/2018\/12\/47689620_368622240576150_617467038461329408_n-225x300.jpg 225w\" sizes=\"(max-width: 416px) 100vw, 416px\" \/><\/div>\n<\/div>\n","protected":false},"excerpt":{"rendered":"<p>8 grudnia w Sulej\u00f3wku odby\u0142 si\u0119 Turniej Gwiazdkowy????? o Puchar Burmistrza Miasta Sulej\u00f3wek. 20 osobowa ekipa KK Sochaczew zdoby\u0142a, a\u017c 11 medali. Ponad po\u0142owa naszych reprezentant\u00f3w stan\u0119\u0142a na podium???Po za aspektem sportowym, nale\u017cy wspomnie\u0107 o wspania\u0142ej atmosferze towarzysz\u0105cej zawodom. Na turnieju obecny by\u0142 ??? \u015awi\u0119ty Miko\u0142aj, dzi\u0119ki kt\u00f3remu wszyscy zawodnicy wr\u00f3cili do dom\u00f3w z medalami i s\u0142odkimi ????? paczkami. Wr\u00f3cili\u015bmy<\/p>\n","protected":false},"author":1,"featured_media":0,"comment_status":"closed","ping_status":"closed","sticky":false,"template":"","format":"standard","meta":[],"categories":[1],"tags":[],"_links":{"self":[{"href":"http:\/\/www.karate-sochaczew.pl\/index.php\/wp-json\/wp\/v2\/posts\/1045"}],"collection":[{"href":"http:\/\/www.karate-sochaczew.pl\/index.php\/wp-json\/wp\/v2\/posts"}],"about":[{"href":"http:\/\/www.karate-sochaczew.pl\/index.php\/wp-json\/wp\/v2\/types\/post"}],"author":[{"embeddable":true,"href":"http:\/\/www.karate-sochaczew.pl\/index.php\/wp-json\/wp\/v2\/users\/1"}],"replies":[{"embeddable":true,"href":"http:\/\/www.karate-sochaczew.pl\/index.php\/wp-json\/wp\/v2\/comments?post=1045"}],"version-history":[{"count":2,"href":"http:\/\/www.karate-sochaczew.pl\/index.php\/wp-json\/wp\/v2\/posts\/1045\/revisions"}],"predecessor-version":[{"id":1059,"href":"http:\/\/www.karate-sochaczew.pl\/index.php\/wp-json\/wp\/v2\/posts\/1045\/revisions\/1059"}],"wp:attachment":[{"href":"http:\/\/www.karate-sochaczew.pl\/index.php\/wp-json\/wp\/v2\/media?parent=1045"}],"wp:term":[{"taxonomy":"category","embeddable":true,"href":"http:\/\/www.karate-sochaczew.pl\/index.php\/wp-json\/wp\/v2\/categories?post=1045"},{"taxonomy":"post_tag","embeddable":true,"href":"http:\/\/www.karate-sochaczew.pl\/index.php\/wp-json\/wp\/v2\/tags?post=1045"}],"curies":[{"name":"wp","href":"https:\/\/api.w.org\/{rel}","templated":true}]}}