{"id":1075,"date":"2018-12-21T08:51:14","date_gmt":"2018-12-21T07:51:14","guid":{"rendered":"http:\/\/www.karate-sochaczew.pl\/?p=1075"},"modified":"2018-12-21T08:51:14","modified_gmt":"2018-12-21T07:51:14","slug":"treningi-miedzy-swietami","status":"publish","type":"post","link":"http:\/\/www.karate-sochaczew.pl\/index.php\/2018\/12\/21\/treningi-miedzy-swietami\/","title":{"rendered":"Treningi mi\u0119dzy \u015awi\u0119tami"},"content":{"rendered":"<p><img decoding=\"async\" loading=\"lazy\" class=\"aligncenter size-full wp-image-1076\" src=\"http:\/\/www.karate-sochaczew.pl\/wp-content\/uploads\/2018\/12\/tren-swieta.png\" alt=\"tren swieta\" width=\"790\" height=\"316\" srcset=\"http:\/\/www.karate-sochaczew.pl\/wp-content\/uploads\/2018\/12\/tren-swieta.png 790w, http:\/\/www.karate-sochaczew.pl\/wp-content\/uploads\/2018\/12\/tren-swieta-300x120.png 300w, http:\/\/www.karate-sochaczew.pl\/wp-content\/uploads\/2018\/12\/tren-swieta-768x307.png 768w\" sizes=\"(max-width: 790px) 100vw, 790px\" \/><\/p>\n","protected":false},"excerpt":{"rendered":"","protected":false},"author":1,"featured_media":0,"comment_status":"closed","ping_status":"closed","sticky":false,"template":"","format":"standard","meta":[],"categories":[1],"tags":[],"_links":{"self":[{"href":"http:\/\/www.karate-sochaczew.pl\/index.php\/wp-json\/wp\/v2\/posts\/1075"}],"collection":[{"href":"http:\/\/www.karate-sochaczew.pl\/index.php\/wp-json\/wp\/v2\/posts"}],"about":[{"href":"http:\/\/www.karate-sochaczew.pl\/index.php\/wp-json\/wp\/v2\/types\/post"}],"author":[{"embeddable":true,"href":"http:\/\/www.karate-sochaczew.pl\/index.php\/wp-json\/wp\/v2\/users\/1"}],"replies":[{"embeddable":true,"href":"http:\/\/www.karate-sochaczew.pl\/index.php\/wp-json\/wp\/v2\/comments?post=1075"}],"version-history":[{"count":1,"href":"http:\/\/www.karate-sochaczew.pl\/index.php\/wp-json\/wp\/v2\/posts\/1075\/revisions"}],"predecessor-version":[{"id":1077,"href":"http:\/\/www.karate-sochaczew.pl\/index.php\/wp-json\/wp\/v2\/posts\/1075\/revisions\/1077"}],"wp:attachment":[{"href":"http:\/\/www.karate-sochaczew.pl\/index.php\/wp-json\/wp\/v2\/media?parent=1075"}],"wp:term":[{"taxonomy":"category","embeddable":true,"href":"http:\/\/www.karate-sochaczew.pl\/index.php\/wp-json\/wp\/v2\/categories?post=1075"},{"taxonomy":"post_tag","embeddable":true,"href":"http:\/\/www.karate-sochaczew.pl\/index.php\/wp-json\/wp\/v2\/tags?post=1075"}],"curies":[{"name":"wp","href":"https:\/\/api.w.org\/{rel}","templated":true}]}}