{"id":1087,"date":"2019-01-12T18:20:00","date_gmt":"2019-01-12T17:20:00","guid":{"rendered":"http:\/\/www.karate-sochaczew.pl\/?p=1087"},"modified":"2019-01-12T18:20:00","modified_gmt":"2019-01-12T17:20:00","slug":"licytacja-wosp-na-klubowym-facebooku","status":"publish","type":"post","link":"http:\/\/www.karate-sochaczew.pl\/index.php\/2019\/01\/12\/licytacja-wosp-na-klubowym-facebooku\/","title":{"rendered":"Licytacja WO\u015aP na Klubowym Facebooku"},"content":{"rendered":"<p>UWAGA! Wzorem roku ubieg\u0142ego, Karate Klub Sochaczew do\u0142\u0105cza do\u00a0<span class=\"_5mfr\"><span class=\"_6qdm\">\u2764\ufe0f<\/span><\/span><a class=\"profileLink\" href=\"https:\/\/www.facebook.com\/wosp\/?__tn__=K-R&amp;eid=ARBBSNftfohMclqmq8DtlOvJjgrQ8BX-MWZmk4PgVuzQphSqTQZ7Wj6nPpSY0K3t9K8-dHLYrqQ86KHu&amp;fref=mentions&amp;__xts__%5B0%5D=68.ARCsx59X-ckMqaE1LXLLxjI0CZ5iaQw5uRVlnGR_ZGt_ooaMWmYVTb0Yr_u4nAWK6D4O0LR4VJEJL1eYtA3kgnjJvg-sW5HnZJW-JpmwalCsF3eeojBs-v7QwjdZlnTr6bJDleTCXnMowrVGQd7HwWbESYW2q4CJ1xuzOxfS4Qal6EEZtsukn3eT9O9qp2Nyo83gryIRP2BM_mI5daMBGRqaZMQlgRlVA9MGtk5izBJ9W7wVYhcVvt6exOOh4-loR1cBM8Cc9mkn6x7w0lo30vFwkoinY6abyWY0zCSoIi_Jh62LrV0pqeXWf5xowP8o83D3AcHpCVwQzso5lvBvwRu2HZyJ\" data-hovercard=\"\/ajax\/hovercard\/page.php?id=193094132413&amp;extragetparams=%7B%22__tn__%22%3A%22%2CdK-R-R%22%2C%22eid%22%3A%22ARBBSNftfohMclqmq8DtlOvJjgrQ8BX-MWZmk4PgVuzQphSqTQZ7Wj6nPpSY0K3t9K8-dHLYrqQ86KHu%22%2C%22fref%22%3A%22mentions%22%7D\" data-hovercard-prefer-more-content-show=\"1\">WO\u015aP<\/a>. Og\u0142aszamy LICYTACJ\u0118<span class=\"_5mfr\"><span class=\"_6qdm\">?<\/span><\/span>. Do wylicytowania mamy bardzo atrakcyjny ZESTAW, w sk\u0142ad kt\u00f3rego wchodz\u0105:<br \/>\n<span class=\"_5mfr\"><span class=\"_6qdm\">\u2b50\ufe0f<\/span><\/span>\u00a0Zdj\u0119cie wraz z autografem\u00a0<a class=\"profileLink\" href=\"https:\/\/www.facebook.com\/healthyplanbyann\/?__tn__=K-R&amp;eid=ARBUf_bpG2b9IoIA7jL080V02JFbWgjlhSDtPwx0X8ZJFCVTgCfRRnF00QLjiG8OClW_stFgi4XhfeYY&amp;fref=mentions&amp;__xts__%5B0%5D=68.ARCsx59X-ckMqaE1LXLLxjI0CZ5iaQw5uRVlnGR_ZGt_ooaMWmYVTb0Yr_u4nAWK6D4O0LR4VJEJL1eYtA3kgnjJvg-sW5HnZJW-JpmwalCsF3eeojBs-v7QwjdZlnTr6bJDleTCXnMowrVGQd7HwWbESYW2q4CJ1xuzOxfS4Qal6EEZtsukn3eT9O9qp2Nyo83gryIRP2BM_mI5daMBGRqaZMQlgRlVA9MGtk5izBJ9W7wVYhcVvt6exOOh4-loR1cBM8Cc9mkn6x7w0lo30vFwkoinY6abyWY0zCSoIi_Jh62LrV0pqeXWf5xowP8o83D3AcHpCVwQzso5lvBvwRu2HZyJ\" data-hovercard=\"\/ajax\/hovercard\/page.php?id=261359397316606&amp;extragetparams=%7B%22__tn__%22%3A%22%2CdK-R-R%22%2C%22eid%22%3A%22ARBUf_bpG2b9IoIA7jL080V02JFbWgjlhSDtPwx0X8ZJFCVTgCfRRnF00QLjiG8OClW_stFgi4XhfeYY%22%2C%22fref%22%3A%22mentions%22%7D\" data-hovercard-prefer-more-content-show=\"1\">Anna Lewandowska<\/a>\u00a0, medalistki Mistrzostw Europy i \u015awiata w Karate Tradycyjnym, propagatorki zdrowego trybu \u017cycia<span class=\"_5mfr\"><span class=\"_6qdm\">?<\/span><\/span><br \/>\n<span class=\"_5mfr\"><span class=\"_6qdm\">\u2b50\ufe0f<\/span><\/span>\u00a0MiniPakiet Foods by Ann od Ani Lewandowskiej<br \/>\n<span class=\"_5mfr\"><span class=\"_6qdm\">\u2b50\ufe0f<\/span><\/span>\u00a0Klubow\u0105 czapeczk\u0119 oraz kalendarz na 2019 r.<br \/>\n<span class=\"_5mfr\"><span class=\"_6qdm\">\u2b50\ufe0f<\/span><\/span>\u00a0Voucher na 2 miesi\u0105ce bezp\u0142atnych trening\u00f3w\u00a0<span class=\"_5mfr\"><span class=\"_6qdm\">?<\/span><\/span>Karate w naszym Klubie!!! Do wykorzystania w 2019r.<br \/>\nLICZYMY NA WAS<span class=\"_5mfr\"><span class=\"_6qdm\">?<\/span><\/span><span class=\"_5mfr\"><span class=\"_6qdm\">?<\/span><\/span><span class=\"_5mfr\"><span class=\"_6qdm\">?<\/span><\/span><span class=\"_5mfr\"><span class=\"_6qdm\">\u2764\ufe0f<\/span><\/span><br \/>\nCENA Wywo\u0142awcza &#8211; skromne 99,00 z\u0142.<br \/>\n&#8211; Licytujemy w komentarzach do posta, na naszej stronie<br \/>\n&#8211; Licytacja trwa do 13 stycznia do godziny 24.00\u00a0<span class=\"_5mfr\"><span class=\"_6qdm\">\u23f1<\/span><\/span><br \/>\n&#8211; Osoba, kt\u00f3ra wygra licytacj\u0119 zobowi\u0105zana jest do kontaktu z biurem klubu \/biuro@karate-sochaczew.pl 608661245 \/ w ci\u0105gu 24 godzin celem potwierdzenia ch\u0119ci wp\u0142aty zagwarantowanej kwoty na konto WO\u015aP. Po podaniu przez nas konta WO\u015aP oczekujemy na potwierdzenie przelewu do 16 stycznia 2016r. Je\u017celi nie otrzymamy takiego potwierdzenia, prawo do licytowanego pakietu przys\u0142uguje kolejnej osobie, kt\u00f3ra zalicytowa\u0142a drug\u0105 najwy\u017csz\u0105 kwot\u0119.<br \/>\nPowodzenia.<\/p>\n<p><img decoding=\"async\" loading=\"lazy\" class=\"aligncenter size-full wp-image-1088\" src=\"http:\/\/www.karate-sochaczew.pl\/wp-content\/uploads\/2019\/01\/wosp.jpg\" alt=\"wosp\" width=\"476\" height=\"499\" srcset=\"http:\/\/www.karate-sochaczew.pl\/wp-content\/uploads\/2019\/01\/wosp.jpg 476w, http:\/\/www.karate-sochaczew.pl\/wp-content\/uploads\/2019\/01\/wosp-286x300.jpg 286w\" sizes=\"(max-width: 476px) 100vw, 476px\" \/><\/p>\n<p><img decoding=\"async\" loading=\"lazy\" class=\"aligncenter size-full wp-image-1089\" src=\"http:\/\/www.karate-sochaczew.pl\/wp-content\/uploads\/2019\/01\/SKM_C224e19011216160-1.jpg\" alt=\"SKM_C224e19011216160-1\" width=\"2337\" height=\"1653\" srcset=\"http:\/\/www.karate-sochaczew.pl\/wp-content\/uploads\/2019\/01\/SKM_C224e19011216160-1.jpg 2337w, http:\/\/www.karate-sochaczew.pl\/wp-content\/uploads\/2019\/01\/SKM_C224e19011216160-1-300x212.jpg 300w, http:\/\/www.karate-sochaczew.pl\/wp-content\/uploads\/2019\/01\/SKM_C224e19011216160-1-768x543.jpg 768w, http:\/\/www.karate-sochaczew.pl\/wp-content\/uploads\/2019\/01\/SKM_C224e19011216160-1-1024x724.jpg 1024w\" sizes=\"(max-width: 2337px) 100vw, 2337px\" \/><img decoding=\"async\" loading=\"lazy\" class=\"aligncenter size-full wp-image-1090\" src=\"http:\/\/www.karate-sochaczew.pl\/wp-content\/uploads\/2019\/01\/1.jpg\" alt=\"1\" width=\"2048\" height=\"1536\" srcset=\"http:\/\/www.karate-sochaczew.pl\/wp-content\/uploads\/2019\/01\/1.jpg 2048w, http:\/\/www.karate-sochaczew.pl\/wp-content\/uploads\/2019\/01\/1-300x225.jpg 300w, http:\/\/www.karate-sochaczew.pl\/wp-content\/uploads\/2019\/01\/1-768x576.jpg 768w, http:\/\/www.karate-sochaczew.pl\/wp-content\/uploads\/2019\/01\/1-1024x768.jpg 1024w\" sizes=\"(max-width: 2048px) 100vw, 2048px\" \/><\/p>\n","protected":false},"excerpt":{"rendered":"<p>UWAGA! Wzorem roku ubieg\u0142ego, Karate Klub Sochaczew do\u0142\u0105cza do\u00a0\u2764\ufe0fWO\u015aP. Og\u0142aszamy LICYTACJ\u0118?. Do wylicytowania mamy bardzo atrakcyjny ZESTAW, w sk\u0142ad kt\u00f3rego wchodz\u0105: \u2b50\ufe0f\u00a0Zdj\u0119cie wraz z autografem\u00a0Anna Lewandowska\u00a0, medalistki Mistrzostw Europy i \u015awiata w Karate Tradycyjnym, propagatorki zdrowego trybu \u017cycia? \u2b50\ufe0f\u00a0MiniPakiet Foods by Ann od Ani Lewandowskiej \u2b50\ufe0f\u00a0Klubow\u0105 czapeczk\u0119 oraz kalendarz na 2019 r. \u2b50\ufe0f\u00a0Voucher na 2 miesi\u0105ce bezp\u0142atnych trening\u00f3w\u00a0?Karate w naszym<\/p>\n","protected":false},"author":1,"featured_media":0,"comment_status":"closed","ping_status":"closed","sticky":false,"template":"","format":"standard","meta":[],"categories":[1],"tags":[],"_links":{"self":[{"href":"http:\/\/www.karate-sochaczew.pl\/index.php\/wp-json\/wp\/v2\/posts\/1087"}],"collection":[{"href":"http:\/\/www.karate-sochaczew.pl\/index.php\/wp-json\/wp\/v2\/posts"}],"about":[{"href":"http:\/\/www.karate-sochaczew.pl\/index.php\/wp-json\/wp\/v2\/types\/post"}],"author":[{"embeddable":true,"href":"http:\/\/www.karate-sochaczew.pl\/index.php\/wp-json\/wp\/v2\/users\/1"}],"replies":[{"embeddable":true,"href":"http:\/\/www.karate-sochaczew.pl\/index.php\/wp-json\/wp\/v2\/comments?post=1087"}],"version-history":[{"count":1,"href":"http:\/\/www.karate-sochaczew.pl\/index.php\/wp-json\/wp\/v2\/posts\/1087\/revisions"}],"predecessor-version":[{"id":1091,"href":"http:\/\/www.karate-sochaczew.pl\/index.php\/wp-json\/wp\/v2\/posts\/1087\/revisions\/1091"}],"wp:attachment":[{"href":"http:\/\/www.karate-sochaczew.pl\/index.php\/wp-json\/wp\/v2\/media?parent=1087"}],"wp:term":[{"taxonomy":"category","embeddable":true,"href":"http:\/\/www.karate-sochaczew.pl\/index.php\/wp-json\/wp\/v2\/categories?post=1087"},{"taxonomy":"post_tag","embeddable":true,"href":"http:\/\/www.karate-sochaczew.pl\/index.php\/wp-json\/wp\/v2\/tags?post=1087"}],"curies":[{"name":"wp","href":"https:\/\/api.w.org\/{rel}","templated":true}]}}