{"id":1093,"date":"2019-01-18T14:39:59","date_gmt":"2019-01-18T13:39:59","guid":{"rendered":"http:\/\/www.karate-sochaczew.pl\/?p=1093"},"modified":"2019-01-18T14:39:59","modified_gmt":"2019-01-18T13:39:59","slug":"licencja-polskiego-zwiazku-karate-tradycyjnego","status":"publish","type":"post","link":"http:\/\/www.karate-sochaczew.pl\/index.php\/2019\/01\/18\/licencja-polskiego-zwiazku-karate-tradycyjnego\/","title":{"rendered":"Licencja Polskiego Zwi\u0105zku Karate Tradycyjnego"},"content":{"rendered":"<p><img decoding=\"async\" loading=\"lazy\" class=\"aligncenter size-full wp-image-1094\" src=\"http:\/\/www.karate-sochaczew.pl\/wp-content\/uploads\/2019\/01\/licencja_pzkt.jpg\" alt=\"licencja_pzkt\" width=\"524\" height=\"337\" srcset=\"http:\/\/www.karate-sochaczew.pl\/wp-content\/uploads\/2019\/01\/licencja_pzkt.jpg 524w, http:\/\/www.karate-sochaczew.pl\/wp-content\/uploads\/2019\/01\/licencja_pzkt-300x193.jpg 300w\" sizes=\"(max-width: 524px) 100vw, 524px\" \/><\/p>\n<h4><strong>Przypominamy wszystkim karatekom o konieczno\u015bci op\u0142acenia rocznej licencji cz\u0142onkowskiej PZKT. Zgodnie z aktualna decyzj\u0105 Zarz\u0105du Polskiego Zwi\u0105zku Karate Tradycyjnego licencja obejmuje rok kalendarzowy! Wp\u0142aty w wysoko\u015bci 40 z\u0142 nale\u017cy dokona\u0107 na podany ni\u017cej numer rachunku bankowego wpisuj\u0105c w tre\u015bci przelewu dane \u0107wicz\u0105cego \/ imi\u0119 i nazwisko, dat\u0119 ur. oraz klub w kt\u00f3rym \u0107wiczy \/ zgodnie z podanym przyk\u0142adem.<\/strong><\/h4>\n<h4><strong>\u201eLicencja PZKT 2018, Ja\u015b Kowalski, ur. 01.01.2010, Karate Klub Sochaczew\u201d.\u00a0<\/strong><\/h4>\n<h4><strong>POLSKI ZWI\u0104ZEK KARATE TRADYCYJNEGO<\/strong><\/h4>\n<h4><span style=\"text-decoration: underline; color: #ff0000;\"><strong>58 1160 2202 0000 0003 6414 0476, Bank Millennium<\/strong><\/span><\/h4>\n<h4><strong>Uwaga! Op\u0142acenie licencji PZKT jest warunkiem koniecznym aby przyst\u0105pi\u0107 do egzaminu na stopnie kyu i p\u00f3\u017aniejszej rejestracji stopnia w zwi\u0105zku!<\/strong><\/h4>\n","protected":false},"excerpt":{"rendered":"<p>Przypominamy wszystkim karatekom o konieczno\u015bci op\u0142acenia rocznej licencji cz\u0142onkowskiej PZKT. Zgodnie z aktualna decyzj\u0105 Zarz\u0105du Polskiego Zwi\u0105zku Karate Tradycyjnego licencja obejmuje rok kalendarzowy! Wp\u0142aty w wysoko\u015bci 40 z\u0142 nale\u017cy dokona\u0107 na podany ni\u017cej numer rachunku bankowego wpisuj\u0105c w tre\u015bci przelewu dane \u0107wicz\u0105cego \/ imi\u0119 i nazwisko, dat\u0119 ur. oraz klub w kt\u00f3rym \u0107wiczy \/ zgodnie z podanym przyk\u0142adem. \u201eLicencja PZKT<\/p>\n","protected":false},"author":1,"featured_media":0,"comment_status":"closed","ping_status":"closed","sticky":false,"template":"","format":"standard","meta":[],"categories":[1],"tags":[],"_links":{"self":[{"href":"http:\/\/www.karate-sochaczew.pl\/index.php\/wp-json\/wp\/v2\/posts\/1093"}],"collection":[{"href":"http:\/\/www.karate-sochaczew.pl\/index.php\/wp-json\/wp\/v2\/posts"}],"about":[{"href":"http:\/\/www.karate-sochaczew.pl\/index.php\/wp-json\/wp\/v2\/types\/post"}],"author":[{"embeddable":true,"href":"http:\/\/www.karate-sochaczew.pl\/index.php\/wp-json\/wp\/v2\/users\/1"}],"replies":[{"embeddable":true,"href":"http:\/\/www.karate-sochaczew.pl\/index.php\/wp-json\/wp\/v2\/comments?post=1093"}],"version-history":[{"count":1,"href":"http:\/\/www.karate-sochaczew.pl\/index.php\/wp-json\/wp\/v2\/posts\/1093\/revisions"}],"predecessor-version":[{"id":1095,"href":"http:\/\/www.karate-sochaczew.pl\/index.php\/wp-json\/wp\/v2\/posts\/1093\/revisions\/1095"}],"wp:attachment":[{"href":"http:\/\/www.karate-sochaczew.pl\/index.php\/wp-json\/wp\/v2\/media?parent=1093"}],"wp:term":[{"taxonomy":"category","embeddable":true,"href":"http:\/\/www.karate-sochaczew.pl\/index.php\/wp-json\/wp\/v2\/categories?post=1093"},{"taxonomy":"post_tag","embeddable":true,"href":"http:\/\/www.karate-sochaczew.pl\/index.php\/wp-json\/wp\/v2\/tags?post=1093"}],"curies":[{"name":"wp","href":"https:\/\/api.w.org\/{rel}","templated":true}]}}