{"id":1096,"date":"2019-01-21T09:54:09","date_gmt":"2019-01-21T08:54:09","guid":{"rendered":"http:\/\/www.karate-sochaczew.pl\/?p=1096"},"modified":"2019-01-21T09:54:09","modified_gmt":"2019-01-21T08:54:09","slug":"dobre-starty-naszych-zawodnikow-na-poczatek-roku","status":"publish","type":"post","link":"http:\/\/www.karate-sochaczew.pl\/index.php\/2019\/01\/21\/dobre-starty-naszych-zawodnikow-na-poczatek-roku\/","title":{"rendered":"Dobre starty naszych zawodnik\u00f3w na pocz\u0105tek roku."},"content":{"rendered":"<p>Bardzo dobre starty sochaczewskich karatek\u00f3w w P\u0142ocku. 20 stycznia odby\u0142 si\u0119 I &#8211; szy\u00a0<span class=\"_5mfr\"><span class=\"_6qdm\">?<\/span><\/span><span class=\"_5mfr\"><span class=\"_6qdm\">?<\/span><\/span><span class=\"_5mfr\"><span class=\"_6qdm\">?<\/span><\/span>\u00a0Turniej Noworoczny oraz Turniej Bia\u0142ego Pasa. W zawodach startowa\u0142o 160 zawodnik\u00f3w. Uda\u0142o nam si\u0119 wywalczy\u0107 9 medali. I tak:<br \/>\nI m. zaj\u0119li:<br \/>\n<span class=\"_5mfr\"><span class=\"_6qdm\">?<\/span><\/span>\u00a0Anna Wysocka<br \/>\n<span class=\"_5mfr\"><span class=\"_6qdm\">?<\/span><\/span>\u00a0Krystian \u015awi\u0105tkowski<br \/>\n<span class=\"_5mfr\"><span class=\"_6qdm\">?<\/span><\/span>\u00a0Tomasz W\u0142odarczyk<span class=\"text_exposed_show\"><br \/>\nII m. zaj\u0119li:<br \/>\n<span class=\"_5mfr\"><span class=\"_6qdm\">?<\/span><\/span>\u00a0Weronika Wilczy\u0144ska<br \/>\n<span class=\"_5mfr\"><span class=\"_6qdm\">?<\/span><\/span>\u00a0Kuba \u015awi\u0105tkowski<br \/>\n<span class=\"_5mfr\"><span class=\"_6qdm\">?<\/span><\/span>\u00a0Adam W\u0142odarczyk<br \/>\n<span class=\"_5mfr\"><span class=\"_6qdm\">?<\/span><\/span>\u00a0Patryk Sc\u0119celek<br \/>\nIII m. zaj\u0119li:<br \/>\n<span class=\"_5mfr\"><span class=\"_6qdm\">?<\/span><\/span>\u00a0Liliana Kononowicz<br \/>\n<span class=\"_5mfr\"><span class=\"_6qdm\">?<\/span><\/span>\u00a0Maja Kononowicz<br \/>\nPodzi\u0119kowania dla medalist\u00f3w oraz wszystkich startuj\u0105cych z naszego klubu: Julia \u0141ykowska, Kalina Wi\u015bniewska, Bianka Kosmalska, Patrycja Stopczy\u0144ska, Patrycja Wilczy\u0144ska, Karola Kalota, Marcel Kawecki, Sebastian Sejdak, Jacek Wi\u015bniewski, Oskar Obcowski, Dudzi\u0144ski Adam, Magdali\u0144ski Piotr. Dzi\u0119kujemy za zaproszenie\u00a0<a class=\"profileLink\" href=\"https:\/\/www.facebook.com\/AkademiaKarateTradycyjnegoPlock\/?__tn__=K-R&amp;eid=ARBjaefOm4tRKwjvMs5BQZUGzvU41sq-Ux5IKdyOwGZB6Pd0VKOFf8CkC9ohiPhD2T3GfZeFD-1rAED9&amp;fref=mentions&amp;__xts__%5B0%5D=68.ARBCMawiS8sgA3DAfO1NGXzEb1c74K3rM3DZKxuMMhtbVKsg1B6vievVajhEeXscS2p1f8Wx3qyNuiqHzvrICIesYhDK5tqL09jvKSYN9R79sGng3R5NLxGqVaisbZJDDLsKKenJIaObSSqxltyYn1iP3-ooM9UJimlMejwMLR3WBy02LU25KuPjFYEkb-cXUxQDqvlgIMrYjEruzan9nDgnsM2Ji5zZCNFf0z6_XU-z_-__4TY3i6Ue54NlD5zTQBWwfWyblhD_bxH-za4DJfOPBLbIPKfpADURCn3PeMuv6h6APRMEFUxY9GrZpo8S1ekRYQXc23t3syhT8iHz628o6kks\" data-hovercard=\"\/ajax\/hovercard\/page.php?id=560608991021929&amp;extragetparams=%7B%22__tn__%22%3A%22%2CdK-R-R%22%2C%22eid%22%3A%22ARBjaefOm4tRKwjvMs5BQZUGzvU41sq-Ux5IKdyOwGZB6Pd0VKOFf8CkC9ohiPhD2T3GfZeFD-1rAED9%22%2C%22fref%22%3A%22mentions%22%7D&amp;av=1773443442906050&amp;eav=AfZCig5b2I3W-uAS4kfVUg8dyiAazQ3NCYUoKE4rfwsGmdPAPUzSXE0EHKZrOwD5j5byaiV_esaWEJ9GBawqpAPP\" data-hovercard-prefer-more-content-show=\"1\">Akademia Karate Tradycyjnego P\u0142ock<\/a>. Oss<\/span><\/p>\n<p><img decoding=\"async\" loading=\"lazy\" class=\"aligncenter size-full wp-image-1097\" src=\"http:\/\/www.karate-sochaczew.pl\/wp-content\/uploads\/2019\/01\/turniej.png\" alt=\"turniej\" width=\"2344\" height=\"1932\" srcset=\"http:\/\/www.karate-sochaczew.pl\/wp-content\/uploads\/2019\/01\/turniej.png 2344w, http:\/\/www.karate-sochaczew.pl\/wp-content\/uploads\/2019\/01\/turniej-300x247.png 300w, http:\/\/www.karate-sochaczew.pl\/wp-content\/uploads\/2019\/01\/turniej-768x633.png 768w, http:\/\/www.karate-sochaczew.pl\/wp-content\/uploads\/2019\/01\/turniej-1024x844.png 1024w\" sizes=\"(max-width: 2344px) 100vw, 2344px\" \/><\/p>\n","protected":false},"excerpt":{"rendered":"<p>Bardzo dobre starty sochaczewskich karatek\u00f3w w P\u0142ocku. 20 stycznia odby\u0142 si\u0119 I &#8211; szy\u00a0???\u00a0Turniej Noworoczny oraz Turniej Bia\u0142ego Pasa. W zawodach startowa\u0142o 160 zawodnik\u00f3w. Uda\u0142o nam si\u0119 wywalczy\u0107 9 medali. I tak: I m. zaj\u0119li: ?\u00a0Anna Wysocka ?\u00a0Krystian \u015awi\u0105tkowski ?\u00a0Tomasz W\u0142odarczyk II m. zaj\u0119li: ?\u00a0Weronika Wilczy\u0144ska ?\u00a0Kuba \u015awi\u0105tkowski ?\u00a0Adam W\u0142odarczyk ?\u00a0Patryk Sc\u0119celek III m. zaj\u0119li: ?\u00a0Liliana Kononowicz ?\u00a0Maja Kononowicz Podzi\u0119kowania<\/p>\n","protected":false},"author":1,"featured_media":0,"comment_status":"closed","ping_status":"closed","sticky":false,"template":"","format":"standard","meta":[],"categories":[1],"tags":[],"_links":{"self":[{"href":"http:\/\/www.karate-sochaczew.pl\/index.php\/wp-json\/wp\/v2\/posts\/1096"}],"collection":[{"href":"http:\/\/www.karate-sochaczew.pl\/index.php\/wp-json\/wp\/v2\/posts"}],"about":[{"href":"http:\/\/www.karate-sochaczew.pl\/index.php\/wp-json\/wp\/v2\/types\/post"}],"author":[{"embeddable":true,"href":"http:\/\/www.karate-sochaczew.pl\/index.php\/wp-json\/wp\/v2\/users\/1"}],"replies":[{"embeddable":true,"href":"http:\/\/www.karate-sochaczew.pl\/index.php\/wp-json\/wp\/v2\/comments?post=1096"}],"version-history":[{"count":1,"href":"http:\/\/www.karate-sochaczew.pl\/index.php\/wp-json\/wp\/v2\/posts\/1096\/revisions"}],"predecessor-version":[{"id":1098,"href":"http:\/\/www.karate-sochaczew.pl\/index.php\/wp-json\/wp\/v2\/posts\/1096\/revisions\/1098"}],"wp:attachment":[{"href":"http:\/\/www.karate-sochaczew.pl\/index.php\/wp-json\/wp\/v2\/media?parent=1096"}],"wp:term":[{"taxonomy":"category","embeddable":true,"href":"http:\/\/www.karate-sochaczew.pl\/index.php\/wp-json\/wp\/v2\/categories?post=1096"},{"taxonomy":"post_tag","embeddable":true,"href":"http:\/\/www.karate-sochaczew.pl\/index.php\/wp-json\/wp\/v2\/tags?post=1096"}],"curies":[{"name":"wp","href":"https:\/\/api.w.org\/{rel}","templated":true}]}}