{"id":1108,"date":"2019-02-12T10:32:52","date_gmt":"2019-02-12T09:32:52","guid":{"rendered":"http:\/\/www.karate-sochaczew.pl\/?p=1108"},"modified":"2019-02-25T08:52:22","modified_gmt":"2019-02-25T07:52:22","slug":"aktywnosci-w-wakacje-2019","status":"publish","type":"post","link":"http:\/\/www.karate-sochaczew.pl\/index.php\/2019\/02\/12\/aktywnosci-w-wakacje-2019\/","title":{"rendered":"Aktywno\u015bci w Wakacje 2019"},"content":{"rendered":"<p>Ob\u00f3z Letni nad morzem &#8211; 23 czerwca &#8211; 02 lipca 2019 D\u017awirzyno &#8211; szczeg\u00f3\u0142y wkr\u00f3tce<\/p>\n<p>P\u00f3\u0142kolonie Letnie 5 sierpnia &#8211; 9 sierpnia 2019r. &#8211; Sochaczew &#8211; szczeg\u00f3\u0142y wkr\u00f3tce<\/p>\n<p>Treningi Karate w Wakacje &#8211; 2 razy w tygodniu w jednym miejscu w Sochaczewie w Lipcu oraz w Sierpniu &#8211; szczeg\u00f3\u0142y wkr\u00f3tce<\/p>\n","protected":false},"excerpt":{"rendered":"<p>Ob\u00f3z Letni nad morzem &#8211; 23 czerwca &#8211; 02 lipca 2019 D\u017awirzyno &#8211; szczeg\u00f3\u0142y wkr\u00f3tce P\u00f3\u0142kolonie Letnie 5 sierpnia &#8211; 9 sierpnia 2019r. &#8211; Sochaczew &#8211; szczeg\u00f3\u0142y wkr\u00f3tce Treningi Karate w Wakacje &#8211; 2 razy w tygodniu w jednym miejscu w Sochaczewie w Lipcu oraz w Sierpniu &#8211; szczeg\u00f3\u0142y wkr\u00f3tce<\/p>\n","protected":false},"author":1,"featured_media":0,"comment_status":"closed","ping_status":"closed","sticky":false,"template":"","format":"standard","meta":[],"categories":[1,18],"tags":[],"_links":{"self":[{"href":"http:\/\/www.karate-sochaczew.pl\/index.php\/wp-json\/wp\/v2\/posts\/1108"}],"collection":[{"href":"http:\/\/www.karate-sochaczew.pl\/index.php\/wp-json\/wp\/v2\/posts"}],"about":[{"href":"http:\/\/www.karate-sochaczew.pl\/index.php\/wp-json\/wp\/v2\/types\/post"}],"author":[{"embeddable":true,"href":"http:\/\/www.karate-sochaczew.pl\/index.php\/wp-json\/wp\/v2\/users\/1"}],"replies":[{"embeddable":true,"href":"http:\/\/www.karate-sochaczew.pl\/index.php\/wp-json\/wp\/v2\/comments?post=1108"}],"version-history":[{"count":2,"href":"http:\/\/www.karate-sochaczew.pl\/index.php\/wp-json\/wp\/v2\/posts\/1108\/revisions"}],"predecessor-version":[{"id":1128,"href":"http:\/\/www.karate-sochaczew.pl\/index.php\/wp-json\/wp\/v2\/posts\/1108\/revisions\/1128"}],"wp:attachment":[{"href":"http:\/\/www.karate-sochaczew.pl\/index.php\/wp-json\/wp\/v2\/media?parent=1108"}],"wp:term":[{"taxonomy":"category","embeddable":true,"href":"http:\/\/www.karate-sochaczew.pl\/index.php\/wp-json\/wp\/v2\/categories?post=1108"},{"taxonomy":"post_tag","embeddable":true,"href":"http:\/\/www.karate-sochaczew.pl\/index.php\/wp-json\/wp\/v2\/tags?post=1108"}],"curies":[{"name":"wp","href":"https:\/\/api.w.org\/{rel}","templated":true}]}}