{"id":1132,"date":"2019-03-04T08:42:57","date_gmt":"2019-03-04T07:42:57","guid":{"rendered":"http:\/\/www.karate-sochaczew.pl\/?p=1132"},"modified":"2019-03-04T08:42:57","modified_gmt":"2019-03-04T07:42:57","slug":"puchar-mazowsza-dla-ani-wysockiej-z-kk-sochaczew","status":"publish","type":"post","link":"http:\/\/www.karate-sochaczew.pl\/index.php\/2019\/03\/04\/puchar-mazowsza-dla-ani-wysockiej-z-kk-sochaczew\/","title":{"rendered":"Puchar Mazowsza dla Ani Wysockiej z KK Sochaczew"},"content":{"rendered":"<p><span class=\"_5mfr\"><span class=\"_6qdm\">?<\/span><\/span><span class=\"_5mfr\"><span class=\"_6qdm\">?<\/span><\/span>\u00a0II Puchar Mazowsza za nami. Na matach w Pruszkowie stawi\u0142o si\u0119 250 karatek\u00f3w. Karate Klub Sochaczew reprezentowa\u0142o 20 zawodnik\u00f3w<span class=\"_5mfr\"><span class=\"_6qdm\">?<\/span><\/span><span class=\"_5mfr\"><span class=\"_6qdm\">?<\/span><\/span>. Poni\u017cej wyniki:<br \/>\nI m. Puchar Mazowsza zdoby\u0142a<br \/>\n<span class=\"_5mfr\"><span class=\"_6qdm\">?<\/span><\/span>\u00a0Anna Wysocka indywidualnie<br \/>\nII m. Zdobyli:<br \/>\n<span class=\"_5mfr\"><span class=\"_6qdm\">?<\/span><\/span>\u00a0Liliana Kononowicz &#8211; indywidualnie<span class=\"text_exposed_show\"><br \/>\n<span class=\"_5mfr\"><span class=\"_6qdm\">?<\/span><\/span>\u00a0Adam Dudzi\u0144ski &#8211; indywidualnie<br \/>\n<span class=\"_5mfr\"><span class=\"_6qdm\">?<\/span><\/span>\u00a0Liliana Kononowicz, Sebastian Sejdak, Adam Dudzi\u0144\u015bki &#8211; dru\u017cynowo<br \/>\nIII m. Zdobyli:<br \/>\n<span class=\"_5mfr\"><span class=\"_6qdm\">?<\/span><\/span>\u00a0Maja Kononowicz &#8211; indywidualnie<br \/>\n<span class=\"_5mfr\"><span class=\"_6qdm\">?<\/span><\/span>\u00a0Kuba \u015awi\u0105tkowski &#8211; indywidualnie<br \/>\n<span class=\"_5mfr\"><span class=\"_6qdm\">?<\/span><\/span>\u00a0Marcel Kawecki, Oskar Obcowski, Kuba \u015awi\u0105tkowski &#8211; dru\u017cynowo<br \/>\nIV miejsce &#8211; tu\u017c za podium &#8211; Amelia Jaskulska, Sebastian Sejdak, Sta\u015b Bryczek, dru\u017cyna: Weronika Wilczy\u0144\u015bka, Patrcyja Wilczy\u0144ska, Patrycja Sobczak; \u0141ukasz Grajewski, Piotr Magdali\u0144ski, Sta\u015b Bryczek.<br \/>\nPuchar Mazowsza jednocze\u015bnie by\u0142 eliminacj\u0105 do Mazowieckiej Ligi Karate. Awans do Ligi uzyskali:<br \/>\n<span class=\"_5mfr\"><span class=\"_6qdm\">\u2705<\/span><\/span>\u00a0Adam Dudzi\u0144\u015bki<br \/>\n<span class=\"_5mfr\"><span class=\"_6qdm\">\u2705<\/span><\/span>\u00a0Sebastian Sejdak<br \/>\n<span class=\"_5mfr\"><span class=\"_6qdm\">\u2705<\/span><\/span>\u00a0Piotr Grajewski<br \/>\n<span class=\"_5mfr\"><span class=\"_6qdm\">\u2705<\/span><\/span>\u00a0Kub \u015awi\u0105tkowski<br \/>\nGratulacje<span class=\"_5mfr\"><span class=\"_6qdm\">\u203c\ufe0f<\/span><\/span><span class=\"_5mfr\"><span class=\"_6qdm\">\u203c\ufe0f<\/span><\/span><span class=\"_5mfr\"><span class=\"_6qdm\">\u203c\ufe0f<\/span><\/span><span class=\"_5mfr\"><span class=\"_6qdm\">\u203c\ufe0f<\/span><\/span><\/span><\/p>\n<p><img decoding=\"async\" loading=\"lazy\" class=\"aligncenter size-full wp-image-1133\" src=\"http:\/\/www.karate-sochaczew.pl\/wp-content\/uploads\/2019\/03\/strona.png\" alt=\"strona\" width=\"688\" height=\"733\" srcset=\"http:\/\/www.karate-sochaczew.pl\/wp-content\/uploads\/2019\/03\/strona.png 688w, http:\/\/www.karate-sochaczew.pl\/wp-content\/uploads\/2019\/03\/strona-282x300.png 282w\" sizes=\"(max-width: 688px) 100vw, 688px\" \/><\/p>\n","protected":false},"excerpt":{"rendered":"<p>??\u00a0II Puchar Mazowsza za nami. Na matach w Pruszkowie stawi\u0142o si\u0119 250 karatek\u00f3w. Karate Klub Sochaczew reprezentowa\u0142o 20 zawodnik\u00f3w??. Poni\u017cej wyniki: I m. Puchar Mazowsza zdoby\u0142a ?\u00a0Anna Wysocka indywidualnie II m. Zdobyli: ?\u00a0Liliana Kononowicz &#8211; indywidualnie ?\u00a0Adam Dudzi\u0144ski &#8211; indywidualnie ?\u00a0Liliana Kononowicz, Sebastian Sejdak, Adam Dudzi\u0144\u015bki &#8211; dru\u017cynowo III m. Zdobyli: ?\u00a0Maja Kononowicz &#8211; indywidualnie ?\u00a0Kuba \u015awi\u0105tkowski &#8211; indywidualnie ?\u00a0Marcel<\/p>\n","protected":false},"author":1,"featured_media":0,"comment_status":"closed","ping_status":"closed","sticky":false,"template":"","format":"standard","meta":[],"categories":[1],"tags":[],"_links":{"self":[{"href":"http:\/\/www.karate-sochaczew.pl\/index.php\/wp-json\/wp\/v2\/posts\/1132"}],"collection":[{"href":"http:\/\/www.karate-sochaczew.pl\/index.php\/wp-json\/wp\/v2\/posts"}],"about":[{"href":"http:\/\/www.karate-sochaczew.pl\/index.php\/wp-json\/wp\/v2\/types\/post"}],"author":[{"embeddable":true,"href":"http:\/\/www.karate-sochaczew.pl\/index.php\/wp-json\/wp\/v2\/users\/1"}],"replies":[{"embeddable":true,"href":"http:\/\/www.karate-sochaczew.pl\/index.php\/wp-json\/wp\/v2\/comments?post=1132"}],"version-history":[{"count":1,"href":"http:\/\/www.karate-sochaczew.pl\/index.php\/wp-json\/wp\/v2\/posts\/1132\/revisions"}],"predecessor-version":[{"id":1134,"href":"http:\/\/www.karate-sochaczew.pl\/index.php\/wp-json\/wp\/v2\/posts\/1132\/revisions\/1134"}],"wp:attachment":[{"href":"http:\/\/www.karate-sochaczew.pl\/index.php\/wp-json\/wp\/v2\/media?parent=1132"}],"wp:term":[{"taxonomy":"category","embeddable":true,"href":"http:\/\/www.karate-sochaczew.pl\/index.php\/wp-json\/wp\/v2\/categories?post=1132"},{"taxonomy":"post_tag","embeddable":true,"href":"http:\/\/www.karate-sochaczew.pl\/index.php\/wp-json\/wp\/v2\/tags?post=1132"}],"curies":[{"name":"wp","href":"https:\/\/api.w.org\/{rel}","templated":true}]}}