{"id":1138,"date":"2019-03-08T09:59:18","date_gmt":"2019-03-08T08:59:18","guid":{"rendered":"http:\/\/www.karate-sochaczew.pl\/?p=1138"},"modified":"2019-03-08T09:59:18","modified_gmt":"2019-03-08T08:59:18","slug":"nagroda-dla-karate-klub-sochaczew","status":"publish","type":"post","link":"http:\/\/www.karate-sochaczew.pl\/index.php\/2019\/03\/08\/nagroda-dla-karate-klub-sochaczew\/","title":{"rendered":"Nagroda Dla Karate Klub Sochaczew."},"content":{"rendered":"<p>We czwartek 7 marca w SCK odby\u0142a si\u0119 Sochaczewska Gala Sportu. Miasto nagrodzi\u0142o zawodnik\u00f3w, trener\u00f3w, dzia\u0142aczy i sponsor\u00f3w. Na r\u0119ce naszego instruktora trafi\u0142o wyr\u00f3\u017cnienie i podzi\u0119kowania za prac\u0119 w 2018r. Gala zorganizowana by\u0142a bardzo profesjonalnie. Gratulacje dla Rugbyst\u00f3w, Judok\u00f3w, Os\u00f3b zajmuj\u0105cych si\u0119 Mieszanymi Sztukami Walki, Tenisist\u00f3w Sto\u0142owych, Lekkoatlet\u00f3w, Pi\u0142karzy i wszystkich, kt\u00f3rzy pracuj\u0105 w obszarze szeroko rozumianej aktywno\u015bci ruchowej i sportu. Podzi\u0119kowania dla Miasta Sochaczew, Starostwa Sochaczewskiego oraz Redakcji Ekspresu Sochaczewskiego za inicjatyw\u0119 oraz wspania\u0142\u0105 imprez\u0119. Mamy nadziej\u0119, \u017ce spotkamy si\u0119 za rok.<img decoding=\"async\" loading=\"lazy\" class=\"aligncenter size-full wp-image-1139\" src=\"http:\/\/www.karate-sochaczew.pl\/wp-content\/uploads\/2019\/03\/53165182_2118196968256769_238970966737158144_n.jpg\" alt=\"53165182_2118196968256769_238970966737158144_n\" width=\"960\" height=\"640\" srcset=\"http:\/\/www.karate-sochaczew.pl\/wp-content\/uploads\/2019\/03\/53165182_2118196968256769_238970966737158144_n.jpg 960w, http:\/\/www.karate-sochaczew.pl\/wp-content\/uploads\/2019\/03\/53165182_2118196968256769_238970966737158144_n-300x200.jpg 300w, http:\/\/www.karate-sochaczew.pl\/wp-content\/uploads\/2019\/03\/53165182_2118196968256769_238970966737158144_n-768x512.jpg 768w\" sizes=\"(max-width: 960px) 100vw, 960px\" \/><img decoding=\"async\" loading=\"lazy\" class=\"aligncenter size-full wp-image-1140\" src=\"http:\/\/www.karate-sochaczew.pl\/wp-content\/uploads\/2019\/03\/nagroda.jpg\" alt=\"nagroda\" width=\"720\" height=\"960\" srcset=\"http:\/\/www.karate-sochaczew.pl\/wp-content\/uploads\/2019\/03\/nagroda.jpg 720w, http:\/\/www.karate-sochaczew.pl\/wp-content\/uploads\/2019\/03\/nagroda-225x300.jpg 225w\" sizes=\"(max-width: 720px) 100vw, 720px\" \/><\/p>\n","protected":false},"excerpt":{"rendered":"<p>We czwartek 7 marca w SCK odby\u0142a si\u0119 Sochaczewska Gala Sportu. Miasto nagrodzi\u0142o zawodnik\u00f3w, trener\u00f3w, dzia\u0142aczy i sponsor\u00f3w. Na r\u0119ce naszego instruktora trafi\u0142o wyr\u00f3\u017cnienie i podzi\u0119kowania za prac\u0119 w 2018r. Gala zorganizowana by\u0142a bardzo profesjonalnie. Gratulacje dla Rugbyst\u00f3w, Judok\u00f3w, Os\u00f3b zajmuj\u0105cych si\u0119 Mieszanymi Sztukami Walki, Tenisist\u00f3w Sto\u0142owych, Lekkoatlet\u00f3w, Pi\u0142karzy i wszystkich, kt\u00f3rzy pracuj\u0105 w obszarze szeroko rozumianej aktywno\u015bci ruchowej i<\/p>\n","protected":false},"author":1,"featured_media":0,"comment_status":"closed","ping_status":"closed","sticky":false,"template":"","format":"standard","meta":[],"categories":[1],"tags":[],"_links":{"self":[{"href":"http:\/\/www.karate-sochaczew.pl\/index.php\/wp-json\/wp\/v2\/posts\/1138"}],"collection":[{"href":"http:\/\/www.karate-sochaczew.pl\/index.php\/wp-json\/wp\/v2\/posts"}],"about":[{"href":"http:\/\/www.karate-sochaczew.pl\/index.php\/wp-json\/wp\/v2\/types\/post"}],"author":[{"embeddable":true,"href":"http:\/\/www.karate-sochaczew.pl\/index.php\/wp-json\/wp\/v2\/users\/1"}],"replies":[{"embeddable":true,"href":"http:\/\/www.karate-sochaczew.pl\/index.php\/wp-json\/wp\/v2\/comments?post=1138"}],"version-history":[{"count":1,"href":"http:\/\/www.karate-sochaczew.pl\/index.php\/wp-json\/wp\/v2\/posts\/1138\/revisions"}],"predecessor-version":[{"id":1141,"href":"http:\/\/www.karate-sochaczew.pl\/index.php\/wp-json\/wp\/v2\/posts\/1138\/revisions\/1141"}],"wp:attachment":[{"href":"http:\/\/www.karate-sochaczew.pl\/index.php\/wp-json\/wp\/v2\/media?parent=1138"}],"wp:term":[{"taxonomy":"category","embeddable":true,"href":"http:\/\/www.karate-sochaczew.pl\/index.php\/wp-json\/wp\/v2\/categories?post=1138"},{"taxonomy":"post_tag","embeddable":true,"href":"http:\/\/www.karate-sochaczew.pl\/index.php\/wp-json\/wp\/v2\/tags?post=1138"}],"curies":[{"name":"wp","href":"https:\/\/api.w.org\/{rel}","templated":true}]}}