{"id":1145,"date":"2019-03-11T09:16:15","date_gmt":"2019-03-11T08:16:15","guid":{"rendered":"http:\/\/www.karate-sochaczew.pl\/?p=1145"},"modified":"2019-03-11T09:16:49","modified_gmt":"2019-03-11T08:16:49","slug":"z-plocka-wracamy-z-z-doswiadczeniem-i-sukcesami","status":"publish","type":"post","link":"http:\/\/www.karate-sochaczew.pl\/index.php\/2019\/03\/11\/z-plocka-wracamy-z-z-doswiadczeniem-i-sukcesami\/","title":{"rendered":"Z P\u0142ocka wracamy z do\u015bwiadczeniem i sukcesami."},"content":{"rendered":"<p><strong>Za nami BARDZO<span class=\"_5mfr\"><span class=\"_6qdm\">?<\/span><\/span><span class=\"_5mfr\"><span class=\"_6qdm\">?<\/span><\/span>\u00a0UDANE zawody w P\u0142ocku. Z pierwszej edycji\u00a0<a class=\"profileLink\" href=\"https:\/\/www.facebook.com\/WojewodzkaLigaKarateTradycyjnego\/?__tn__=K-R&amp;eid=ARAieEp765wgjxkfAbq6oOepBbXKRK1PFQW2yQ5NTvFhCIDbCwJLBqumsKFruAPPcCnVQs4k7_sXasd0&amp;fref=mentions&amp;__xts__%5B0%5D=68.ARD4Cv8WkDP6eaBry-m2H2Cc7slf4lXtQsKDEBMt5Jlc1BL48LakPyfONG98do3AliVVJqPLiam6Sd6EmYcNOccKinhw1Nl1zYU1m7H8btyQgSkHLkNHRW_fQo_E777k6gpirIPrZisop-gdFcxMdkrQGWPCxS_qQ6HytE0vvb8UQHtj1_Ut1w8JHOfqnMKJQ1g45rcWOkie1Uz9_6Cx8AMmoM2GMxbQgW2cvqlo67V2PmYOuzATYbp0xiLYJKGnyL-9J0PzXCadjIrw6oK1dQK9xmx9NKx-lBEJWmTKkREMair8DZTzl7a7K1ITOC_2f1QNnb9oofF8BqJBZpe6IK8C9I8h\" data-hovercard=\"\/ajax\/hovercard\/page.php?id=1717228791925130&amp;extragetparams=%7B%22__tn__%22%3A%22%2CdK-R-R%22%2C%22eid%22%3A%22ARAieEp765wgjxkfAbq6oOepBbXKRK1PFQW2yQ5NTvFhCIDbCwJLBqumsKFruAPPcCnVQs4k7_sXasd0%22%2C%22fref%22%3A%22mentions%22%7D\" data-hovercard-prefer-more-content-show=\"1\">Wojew\u00f3dzka Liga Karate Tradycyjnego<\/a>\u00a0Wywozimy OGROMNY Baga\u017c do\u015bwiadczenia. Nasi Karatecy stoczyli bardzo du\u017co walk, co jest dla nas najwi\u0119kszym kapita\u0142em<span class=\"_5mfr\"><span class=\"_6qdm\">?<\/span><\/span><span class=\"_5mfr\"><span class=\"_6qdm\">?<\/span><\/span>. A to, \u017ce przy okazji uda\u0142o si\u0119 zdoby\u0107 a\u017c\u00a0<span class=\"_5mfr\"><span class=\"_6qdm\">2\ufe0f\u20e3<\/span><\/span><span class=\"_5mfr\"><span class=\"_6qdm\">1\ufe0f\u20e3<\/span><\/span><span class=\"_5mfr\"><span class=\"_6qdm\">?<\/span><\/span>\u00a0medali&#8230;no c\u00f3\u017c CZADDD<span class=\"_5mfr\"><span class=\"_6qdm\">\u203c\ufe0f<\/span><\/span><span class=\"_5mfr\"><span class=\"_6qdm\">\u203c\ufe0f<\/span><\/span><span class=\"_5mfr\"><span class=\"_6qdm\">\u203c\ufe0f<\/span><\/span><span class=\"_5mfr\"><span class=\"_6qdm\">\u203c\ufe0f<\/span><\/span><span class=\"_5mfr\"><span class=\"_6qdm\">\u203c\ufe0f<\/span><\/span><br \/>\n<span class=\"_5mfr\"><span class=\"_6qdm\">1\ufe0f\u20e3<\/span><\/span>\u00a0miejsce i z\u0142oto zdobyli<br \/>\n<span class=\"_5mfr\"><span class=\"_6qdm\">?<\/span><\/span>\u00a0Kamila Karolak &#8211; indywidualnie Turniej Pierwszy Krok<br \/>\n<span class=\"_5mfr\"><span class=\"_6qdm\">?<\/span><\/span>\u00a0Krystian \u015awi\u0105tkowski &#8211; indywidualnie TPK<br \/>\n<span class=\"_5mfr\"><span class=\"_6qdm\">?<\/span><\/span>\u00a0Kalina Wi\u015bniewska &#8211; ind. Kata<br \/>\n<span class=\"_5mfr\"><span class=\"_6qdm\">?<\/span><\/span>\u00a0Kalina Wi\u015bniewska &#8211; ind. Kumite<br \/>\n<span class=\"_5mfr\"><span class=\"_6qdm\">?<\/span><\/span>\u00a0Anna Wysocka &#8211; ind. Kata<br \/>\n<span class=\"_5mfr\"><span class=\"_6qdm\">?<\/span><\/span>\u00a0Anna wysocka &#8211; ind. Kumite<br \/>\n<span class=\"_5mfr\"><span class=\"_6qdm\">?<\/span><\/span>\u00a0Adam Wysocki &#8211; ind. Kata<br \/>\n<span class=\"_5mfr\"><span class=\"_6qdm\">?<\/span><\/span>\u00a0Liliana Kononowicz- ind Kumite<br \/>\n<span class=\"_5mfr\"><span class=\"_6qdm\">?<\/span><\/span>\u00a0Tomasz W\u0142odarczyk &#8211; ind. Kumite<br \/>\n<span class=\"_5mfr\"><span class=\"_6qdm\">?<\/span><\/span>\u00a0Stanis\u0142aw Bryczek &#8211; ind. Kata<br \/>\n<span class=\"_5mfr\"><span class=\"_6qdm\">?<\/span><\/span>\u00a0Sebastian Sejdak, Adam Dudzi\u0144ski, Adam Wysocki &#8211; Kata dru\u017cynowe<br \/>\n<span class=\"_5mfr\"><span class=\"_6qdm\">2\ufe0f\u20e3<\/span><\/span>\u00a0miejsce i srebro zdobyli<br \/>\n<span class=\"_5mfr\"><span class=\"_6qdm\">?<\/span><\/span>\u00a0Jakub Boczkowski &#8211; ind. TPK<br \/>\n<span class=\"_5mfr\"><span class=\"_6qdm\">?<\/span><\/span>\u00a0Marcel Kawecki, Oskar Obcowski, Kuba \u015awi\u0105tkowski &#8211; kata dru\u017cynowe<br \/>\n<span class=\"_5mfr\"><span class=\"_6qdm\">?<\/span><\/span>\u00a0Adam Dudzi\u0144\u015bki &#8211; ind. Kumite<br \/>\n<span class=\"_5mfr\"><span class=\"_6qdm\">?<\/span><\/span>\u00a0Weronika Wilczy\u0144ska, Anna Wysocka, Maja Kononowicz &#8211; kata dru\u017cynowe<br \/>\n<span class=\"_5mfr\"><span class=\"_6qdm\">?<\/span><\/span>\u00a0Oliwia Pe\u0142ka &#8211; ind. Kata<br \/>\n<span class=\"_5mfr\"><span class=\"_6qdm\">?<\/span><\/span>Stanis\u0142aw Bryczek &#8211; ind. Kumite<br \/>\n<span class=\"_5mfr\"><span class=\"_6qdm\">3\ufe0f\u20e3<\/span><\/span>\u00a0miejsce i br\u0105z zdobyli<br \/>\n<span class=\"_5mfr\"><span class=\"_6qdm\">?<\/span><\/span>\u00a0Amelia Jaskulska &#8211; ind. Kumite<br \/>\n<span class=\"_5mfr\"><span class=\"_6qdm\">?<\/span><\/span>\u00a0Maja Kononowicz &#8211; ind Kata<br \/>\n<span class=\"_5mfr\"><span class=\"_6qdm\">?<\/span><\/span>\u00a0Oliwia Pe\u0142ka, Kalina Wi\u015bniewska, Liliana Kononowicz &#8211; kata dru\u017cynowe<br \/>\n<span class=\"_5mfr\"><span class=\"_6qdm\">?<\/span><\/span>\u00a0Filip Ch\u0105dzy\u0144ski &#8211; ind. Kumite<br \/>\nWalczyli w P\u0142ocku r\u00f3wnie\u017c Julia \u0141ykowska, Kasia Chojecka, Dawid Jaskulski, Jan Bryczek, Adam W\u0142odarczyk, Jacek wi\u015bniewski. Gratulacje<\/strong><\/p>\n<p><img decoding=\"async\" loading=\"lazy\" class=\"aligncenter size-full wp-image-1146\" src=\"http:\/\/www.karate-sochaczew.pl\/wp-content\/uploads\/2019\/03\/strona-1.png\" alt=\"strona\" width=\"739\" height=\"571\" srcset=\"http:\/\/www.karate-sochaczew.pl\/wp-content\/uploads\/2019\/03\/strona-1.png 739w, http:\/\/www.karate-sochaczew.pl\/wp-content\/uploads\/2019\/03\/strona-1-300x232.png 300w\" sizes=\"(max-width: 739px) 100vw, 739px\" \/><\/p>\n","protected":false},"excerpt":{"rendered":"<p>Za nami BARDZO??\u00a0UDANE zawody w P\u0142ocku. Z pierwszej edycji\u00a0Wojew\u00f3dzka Liga Karate Tradycyjnego\u00a0Wywozimy OGROMNY Baga\u017c do\u015bwiadczenia. Nasi Karatecy stoczyli bardzo du\u017co walk, co jest dla nas najwi\u0119kszym kapita\u0142em??. A to, \u017ce przy okazji uda\u0142o si\u0119 zdoby\u0107 a\u017c\u00a02\ufe0f\u20e31\ufe0f\u20e3?\u00a0medali&#8230;no c\u00f3\u017c CZADDD\u203c\ufe0f\u203c\ufe0f\u203c\ufe0f\u203c\ufe0f\u203c\ufe0f 1\ufe0f\u20e3\u00a0miejsce i z\u0142oto zdobyli ?\u00a0Kamila Karolak &#8211; indywidualnie Turniej Pierwszy Krok ?\u00a0Krystian \u015awi\u0105tkowski &#8211; indywidualnie TPK ?\u00a0Kalina Wi\u015bniewska &#8211; ind. Kata ?\u00a0Kalina<\/p>\n","protected":false},"author":1,"featured_media":0,"comment_status":"closed","ping_status":"closed","sticky":false,"template":"","format":"standard","meta":[],"categories":[1],"tags":[],"_links":{"self":[{"href":"http:\/\/www.karate-sochaczew.pl\/index.php\/wp-json\/wp\/v2\/posts\/1145"}],"collection":[{"href":"http:\/\/www.karate-sochaczew.pl\/index.php\/wp-json\/wp\/v2\/posts"}],"about":[{"href":"http:\/\/www.karate-sochaczew.pl\/index.php\/wp-json\/wp\/v2\/types\/post"}],"author":[{"embeddable":true,"href":"http:\/\/www.karate-sochaczew.pl\/index.php\/wp-json\/wp\/v2\/users\/1"}],"replies":[{"embeddable":true,"href":"http:\/\/www.karate-sochaczew.pl\/index.php\/wp-json\/wp\/v2\/comments?post=1145"}],"version-history":[{"count":2,"href":"http:\/\/www.karate-sochaczew.pl\/index.php\/wp-json\/wp\/v2\/posts\/1145\/revisions"}],"predecessor-version":[{"id":1149,"href":"http:\/\/www.karate-sochaczew.pl\/index.php\/wp-json\/wp\/v2\/posts\/1145\/revisions\/1149"}],"wp:attachment":[{"href":"http:\/\/www.karate-sochaczew.pl\/index.php\/wp-json\/wp\/v2\/media?parent=1145"}],"wp:term":[{"taxonomy":"category","embeddable":true,"href":"http:\/\/www.karate-sochaczew.pl\/index.php\/wp-json\/wp\/v2\/categories?post=1145"},{"taxonomy":"post_tag","embeddable":true,"href":"http:\/\/www.karate-sochaczew.pl\/index.php\/wp-json\/wp\/v2\/tags?post=1145"}],"curies":[{"name":"wp","href":"https:\/\/api.w.org\/{rel}","templated":true}]}}