{"id":1222,"date":"2019-08-04T09:40:19","date_gmt":"2019-08-04T07:40:19","guid":{"rendered":"http:\/\/www.karate-sochaczew.pl\/?p=1222"},"modified":"2019-08-04T09:40:19","modified_gmt":"2019-08-04T07:40:19","slug":"karatecy-z-naszego-klubu-wsrod-najlepszych-w-kraju","status":"publish","type":"post","link":"http:\/\/www.karate-sochaczew.pl\/index.php\/2019\/08\/04\/karatecy-z-naszego-klubu-wsrod-najlepszych-w-kraju\/","title":{"rendered":"Karatecy z naszego Klubu w\u015br\u00f3d najlepszych w kraju!"},"content":{"rendered":"<p>14-15 czerwca we Wroc\u0142awiu odby\u0142 si\u0119 XIX Puchar Polski Dzieci w Karate Tradycyjnym. Karate Klub Sochaczew wys\u0142a\u0142 do stolicy Dolnego \u015al\u0105ska 19 osobow\u0105 reprezentacj\u0119. W zawodach startowa\u0142o ponad 1000 zawodnik\u00f3w z 60 klub\u00f3w z ca\u0142ego kraju. Konkurencja by\u0142a ogormna. To jednak nie przeszkodzi\u0142o bardzo dobrze przygotowanym karatekom z KARATE KLUB SOCHACZEW w zdobyciu 5 ciu medali.\u00a0<strong>I miejsce<\/strong>\u00a0i z\u0142oto zdobyli w kata dru\u017cynowym Piotr Magdali\u0144ski Stanis\u0142aw Bryczek i Tomasz W\u0142odarczyk,\u00a0<strong>II miejsce<\/strong>\u00a0i srebro zdoby\u0142a Kalina Wi\u015bniewska ind.,\u00a0<strong>III miejsce<\/strong>\u00a0i br\u0105z zdobyli Maja Kononowicz ind. , Kuba \u015awi\u0105tkowski ind. i Anna Wysocka , Maja Kononowicz i Amelia Jaksulka w Kata dru\u017c. S\u0105 to najwi\u0119ksze i najcenniejsze osi\u0105gni\u0119cia w historii naszego klubu. Dzi\u0119kujemy wszystkim, kt\u00f3rzy pomogli nam zorganizowa\u0107 wyjazd na Puchar Polski. Przede wszystkim dzi\u0119kujemy Miastu Sochaczew, kt\u00f3re wspiera nasz Klub.<\/p>\n<p><img decoding=\"async\" loading=\"lazy\" class=\"aligncenter size-full wp-image-1223\" src=\"http:\/\/www.karate-sochaczew.pl\/wp-content\/uploads\/2019\/08\/1.jpg\" alt=\"1\" width=\"960\" height=\"720\" srcset=\"http:\/\/www.karate-sochaczew.pl\/wp-content\/uploads\/2019\/08\/1.jpg 960w, http:\/\/www.karate-sochaczew.pl\/wp-content\/uploads\/2019\/08\/1-300x225.jpg 300w, http:\/\/www.karate-sochaczew.pl\/wp-content\/uploads\/2019\/08\/1-768x576.jpg 768w\" sizes=\"(max-width: 960px) 100vw, 960px\" \/><img decoding=\"async\" loading=\"lazy\" class=\"aligncenter size-full wp-image-1224\" src=\"http:\/\/www.karate-sochaczew.pl\/wp-content\/uploads\/2019\/08\/2.jpg\" alt=\"2\" width=\"4160\" height=\"3120\" srcset=\"http:\/\/www.karate-sochaczew.pl\/wp-content\/uploads\/2019\/08\/2.jpg 4160w, http:\/\/www.karate-sochaczew.pl\/wp-content\/uploads\/2019\/08\/2-300x225.jpg 300w, http:\/\/www.karate-sochaczew.pl\/wp-content\/uploads\/2019\/08\/2-768x576.jpg 768w, http:\/\/www.karate-sochaczew.pl\/wp-content\/uploads\/2019\/08\/2-1024x768.jpg 1024w\" sizes=\"(max-width: 4160px) 100vw, 4160px\" \/><img decoding=\"async\" loading=\"lazy\" class=\"aligncenter size-full wp-image-1225\" src=\"http:\/\/www.karate-sochaczew.pl\/wp-content\/uploads\/2019\/08\/7.jpg\" alt=\"7\" width=\"4160\" height=\"3120\" srcset=\"http:\/\/www.karate-sochaczew.pl\/wp-content\/uploads\/2019\/08\/7.jpg 4160w, http:\/\/www.karate-sochaczew.pl\/wp-content\/uploads\/2019\/08\/7-300x225.jpg 300w, http:\/\/www.karate-sochaczew.pl\/wp-content\/uploads\/2019\/08\/7-768x576.jpg 768w, http:\/\/www.karate-sochaczew.pl\/wp-content\/uploads\/2019\/08\/7-1024x768.jpg 1024w\" sizes=\"(max-width: 4160px) 100vw, 4160px\" \/><\/p>\n","protected":false},"excerpt":{"rendered":"<p>14-15 czerwca we Wroc\u0142awiu odby\u0142 si\u0119 XIX Puchar Polski Dzieci w Karate Tradycyjnym. Karate Klub Sochaczew wys\u0142a\u0142 do stolicy Dolnego \u015al\u0105ska 19 osobow\u0105 reprezentacj\u0119. W zawodach startowa\u0142o ponad 1000 zawodnik\u00f3w z 60 klub\u00f3w z ca\u0142ego kraju. Konkurencja by\u0142a ogormna. To jednak nie przeszkodzi\u0142o bardzo dobrze przygotowanym karatekom z KARATE KLUB SOCHACZEW w zdobyciu 5 ciu medali.\u00a0I miejsce\u00a0i z\u0142oto zdobyli w<\/p>\n","protected":false},"author":1,"featured_media":0,"comment_status":"closed","ping_status":"closed","sticky":false,"template":"","format":"standard","meta":[],"categories":[1],"tags":[],"_links":{"self":[{"href":"http:\/\/www.karate-sochaczew.pl\/index.php\/wp-json\/wp\/v2\/posts\/1222"}],"collection":[{"href":"http:\/\/www.karate-sochaczew.pl\/index.php\/wp-json\/wp\/v2\/posts"}],"about":[{"href":"http:\/\/www.karate-sochaczew.pl\/index.php\/wp-json\/wp\/v2\/types\/post"}],"author":[{"embeddable":true,"href":"http:\/\/www.karate-sochaczew.pl\/index.php\/wp-json\/wp\/v2\/users\/1"}],"replies":[{"embeddable":true,"href":"http:\/\/www.karate-sochaczew.pl\/index.php\/wp-json\/wp\/v2\/comments?post=1222"}],"version-history":[{"count":1,"href":"http:\/\/www.karate-sochaczew.pl\/index.php\/wp-json\/wp\/v2\/posts\/1222\/revisions"}],"predecessor-version":[{"id":1226,"href":"http:\/\/www.karate-sochaczew.pl\/index.php\/wp-json\/wp\/v2\/posts\/1222\/revisions\/1226"}],"wp:attachment":[{"href":"http:\/\/www.karate-sochaczew.pl\/index.php\/wp-json\/wp\/v2\/media?parent=1222"}],"wp:term":[{"taxonomy":"category","embeddable":true,"href":"http:\/\/www.karate-sochaczew.pl\/index.php\/wp-json\/wp\/v2\/categories?post=1222"},{"taxonomy":"post_tag","embeddable":true,"href":"http:\/\/www.karate-sochaczew.pl\/index.php\/wp-json\/wp\/v2\/tags?post=1222"}],"curies":[{"name":"wp","href":"https:\/\/api.w.org\/{rel}","templated":true}]}}