{"id":1228,"date":"2019-08-04T09:58:05","date_gmt":"2019-08-04T07:58:05","guid":{"rendered":"http:\/\/www.karate-sochaczew.pl\/?p=1228"},"modified":"2019-08-04T09:58:05","modified_gmt":"2019-08-04T07:58:05","slug":"za-nami-bardzo-udany-oboz-letni-dzwirzyno-2019","status":"publish","type":"post","link":"http:\/\/www.karate-sochaczew.pl\/index.php\/2019\/08\/04\/za-nami-bardzo-udany-oboz-letni-dzwirzyno-2019\/","title":{"rendered":"Za nami bardzo udany Ob\u00f3z Letni D\u017awirzyno 2019 !"},"content":{"rendered":"<p>Na prze\u0142omie czerwca i lipca ponad 40 karatek\u00f3w z Karate Klub Sochaczew, odpoczywa\u0142o, \u0107wiczy\u0142o a przede wszystkim aktywnie sp\u0119dzaj\u0105c czas wy\u015bmienicie si\u0119 bawi\u0142o nad pi\u0119knym polskim morzem. Pogoda w tym roku szczeg\u00f3lnie dopisa\u0142a :). Treningi na pla\u017cy, codziennie k\u0105piele w morzu pod okiem ratownika. Konkurs na najlepsza budowle z piasku, gra terenowa, wizyta w Western Parku, wyj\u015bcia na lody, chrzest obozowy, dyskoteka, zawody karate, to tylko niekt\u00f3re aktywno\u015bci jakie uda\u0142o nam si\u0119 zrealizowa\u0107. Ob\u00f3z wypad\u0142 nam super &#8211; Zapraszamy za rok.\u00a0 Wi\u0119cej zdj\u0119\u0107 na naszym Facebooku:)<\/p>\n<p><img decoding=\"async\" loading=\"lazy\" class=\"aligncenter size-full wp-image-1232\" src=\"http:\/\/www.karate-sochaczew.pl\/wp-content\/uploads\/2019\/08\/64780619_339751120256107_2912443857725554688_n.jpg\" alt=\"64780619_339751120256107_2912443857725554688_n\" width=\"960\" height=\"540\" srcset=\"http:\/\/www.karate-sochaczew.pl\/wp-content\/uploads\/2019\/08\/64780619_339751120256107_2912443857725554688_n.jpg 960w, http:\/\/www.karate-sochaczew.pl\/wp-content\/uploads\/2019\/08\/64780619_339751120256107_2912443857725554688_n-300x169.jpg 300w, http:\/\/www.karate-sochaczew.pl\/wp-content\/uploads\/2019\/08\/64780619_339751120256107_2912443857725554688_n-768x432.jpg 768w\" sizes=\"(max-width: 960px) 100vw, 960px\" \/><img decoding=\"async\" loading=\"lazy\" class=\"aligncenter size-full wp-image-1233\" src=\"http:\/\/www.karate-sochaczew.pl\/wp-content\/uploads\/2019\/08\/1-1.jpg\" alt=\"1\" width=\"960\" height=\"720\" srcset=\"http:\/\/www.karate-sochaczew.pl\/wp-content\/uploads\/2019\/08\/1-1.jpg 960w, http:\/\/www.karate-sochaczew.pl\/wp-content\/uploads\/2019\/08\/1-1-300x225.jpg 300w, http:\/\/www.karate-sochaczew.pl\/wp-content\/uploads\/2019\/08\/1-1-768x576.jpg 768w\" sizes=\"(max-width: 960px) 100vw, 960px\" \/><img decoding=\"async\" loading=\"lazy\" class=\"aligncenter size-full wp-image-1234\" src=\"http:\/\/www.karate-sochaczew.pl\/wp-content\/uploads\/2019\/08\/20190625_171946.jpg\" alt=\"20190625_171946\" width=\"4160\" height=\"3120\" srcset=\"http:\/\/www.karate-sochaczew.pl\/wp-content\/uploads\/2019\/08\/20190625_171946.jpg 4160w, http:\/\/www.karate-sochaczew.pl\/wp-content\/uploads\/2019\/08\/20190625_171946-300x225.jpg 300w, http:\/\/www.karate-sochaczew.pl\/wp-content\/uploads\/2019\/08\/20190625_171946-768x576.jpg 768w, http:\/\/www.karate-sochaczew.pl\/wp-content\/uploads\/2019\/08\/20190625_171946-1024x768.jpg 1024w\" sizes=\"(max-width: 4160px) 100vw, 4160px\" \/><\/p>\n","protected":false},"excerpt":{"rendered":"<p>Na prze\u0142omie czerwca i lipca ponad 40 karatek\u00f3w z Karate Klub Sochaczew, odpoczywa\u0142o, \u0107wiczy\u0142o a przede wszystkim aktywnie sp\u0119dzaj\u0105c czas wy\u015bmienicie si\u0119 bawi\u0142o nad pi\u0119knym polskim morzem. Pogoda w tym roku szczeg\u00f3lnie dopisa\u0142a :). Treningi na pla\u017cy, codziennie k\u0105piele w morzu pod okiem ratownika. Konkurs na najlepsza budowle z piasku, gra terenowa, wizyta w Western Parku, wyj\u015bcia na lody, chrzest<\/p>\n","protected":false},"author":1,"featured_media":0,"comment_status":"closed","ping_status":"closed","sticky":false,"template":"","format":"standard","meta":[],"categories":[1],"tags":[],"_links":{"self":[{"href":"http:\/\/www.karate-sochaczew.pl\/index.php\/wp-json\/wp\/v2\/posts\/1228"}],"collection":[{"href":"http:\/\/www.karate-sochaczew.pl\/index.php\/wp-json\/wp\/v2\/posts"}],"about":[{"href":"http:\/\/www.karate-sochaczew.pl\/index.php\/wp-json\/wp\/v2\/types\/post"}],"author":[{"embeddable":true,"href":"http:\/\/www.karate-sochaczew.pl\/index.php\/wp-json\/wp\/v2\/users\/1"}],"replies":[{"embeddable":true,"href":"http:\/\/www.karate-sochaczew.pl\/index.php\/wp-json\/wp\/v2\/comments?post=1228"}],"version-history":[{"count":1,"href":"http:\/\/www.karate-sochaczew.pl\/index.php\/wp-json\/wp\/v2\/posts\/1228\/revisions"}],"predecessor-version":[{"id":1235,"href":"http:\/\/www.karate-sochaczew.pl\/index.php\/wp-json\/wp\/v2\/posts\/1228\/revisions\/1235"}],"wp:attachment":[{"href":"http:\/\/www.karate-sochaczew.pl\/index.php\/wp-json\/wp\/v2\/media?parent=1228"}],"wp:term":[{"taxonomy":"category","embeddable":true,"href":"http:\/\/www.karate-sochaczew.pl\/index.php\/wp-json\/wp\/v2\/categories?post=1228"},{"taxonomy":"post_tag","embeddable":true,"href":"http:\/\/www.karate-sochaczew.pl\/index.php\/wp-json\/wp\/v2\/tags?post=1228"}],"curies":[{"name":"wp","href":"https:\/\/api.w.org\/{rel}","templated":true}]}}