{"id":1267,"date":"2019-11-18T07:48:26","date_gmt":"2019-11-18T06:48:26","guid":{"rendered":"http:\/\/www.karate-sochaczew.pl\/?p=1267"},"modified":"2019-11-18T07:48:26","modified_gmt":"2019-11-18T06:48:26","slug":"uadny-start-w-wom-2019","status":"publish","type":"post","link":"http:\/\/www.karate-sochaczew.pl\/index.php\/2019\/11\/18\/uadny-start-w-wom-2019\/","title":{"rendered":"Uadny Start w WOM 2019"},"content":{"rendered":"<p>Za nami pierwszy sprawdzian w nowym sezonie treningowym 2019\/2020<span class=\"_5mfr\"><span class=\"_6qdm\">?<\/span><\/span><span class=\"_5mfr\"><span class=\"_6qdm\">?<\/span><\/span>. W dniu dzisiejszym w Warszawie odby\u0142a si\u0119 Warszawska Olimpiada M\u0142odzie\u017cy. Na matach stawi\u0142o si\u0119 ok 300 zawodnik\u00f3w z Warszawy i z okolicznych miejscowo\u015bci. Poziom zawod\u00f3w by\u0142 bardzo wysoki, tym bardziej ciesz\u0105 dobre wyniki naszych reprezentant\u00f3w. I tak, pierwsze miesjce w swoich kategoriach wiekowych zaj\u0119cli:<br \/>\n<span class=\"_5mfr\"><span class=\"_6qdm\">?<\/span><\/span>\u00a0Kalina Wi\u015bniewska kata ind.<span class=\"_5mfr\"><span class=\"_6qdm\">?<\/span><\/span>\u00a0Jacek Wi\u015bniewski kata ind.<span class=\"_5mfr\"><span class=\"_6qdm\">?<\/span><\/span>\u00a0Stanis\u0142aw Bryczek kata ind.<br \/>\ndrugie miejsce zaj\u0119li:<span class=\"_5mfr\"><span class=\"_6qdm\">?<\/span><\/span>\u00a0Anna Wyscoka kata ind.<span class=\"_5mfr\"><span class=\"_6qdm\">?<\/span><\/span>\u00a0Tomasz W\u0142odarczyk kata ind<br \/>\ntrzecie miejsce zaj\u0119li<br \/>\n<span class=\"_5mfr\"><span class=\"_6qdm\">?<\/span><\/span>\u00a0Maja Kononowicz kata ind\u00a0<span class=\"_5mfr\"><span class=\"_6qdm\">?<\/span><\/span>\u00a0Weronika Wilczy\u0144ska kata ind.<span class=\"_5mfr\"><span class=\"_6qdm\">?<\/span><\/span>\u00a0Adam Wysocki, Adam Dudzi\u0144\u015bki, Krystian \u015awi\u0105tkowski &#8211; kata dru\u017cynowe<br \/>\n<span class=\"_5mfr\"><span class=\"_6qdm\">?<\/span><\/span>\u00a0Oliwia Pe\u0142ka, Liliana Kononowicz, Kalina Wi\u015bniewska &#8211; kata dru\u017cynowe<br \/>\nW zawodach bardzo dobrze zaprezentowali si\u0119 r\u00f3wnie\u017c:<br \/>\nPiotr Mgadali\u0144\u015bki, Ja\u015b Bryczek, Adam W\u0142odarczyk, Patrcyja Stopczy\u0144ska, Bianka Kosmalska, Patrycja Sobczak, Patrycja Wilczy\u0144ska, Marcel Kawecki, Kuba \u015awi\u0105tkowski, Oskar Obcowski, \u0141ukasz Grajewski, Piotr Grajewski, Amelia Jaskulska, Adam Dudzi\u0144ski, Kuba \u015awi\u0105tkowski, Dawid Jaskulski.<\/p>\n<p><img decoding=\"async\" loading=\"lazy\" class=\"aligncenter size-full wp-image-1268\" src=\"http:\/\/www.karate-sochaczew.pl\/wp-content\/uploads\/2019\/11\/www-wom.png\" alt=\"www wom\" width=\"2096\" height=\"2264\" srcset=\"http:\/\/www.karate-sochaczew.pl\/wp-content\/uploads\/2019\/11\/www-wom.png 2096w, http:\/\/www.karate-sochaczew.pl\/wp-content\/uploads\/2019\/11\/www-wom-278x300.png 278w, http:\/\/www.karate-sochaczew.pl\/wp-content\/uploads\/2019\/11\/www-wom-768x830.png 768w, http:\/\/www.karate-sochaczew.pl\/wp-content\/uploads\/2019\/11\/www-wom-948x1024.png 948w\" sizes=\"(max-width: 2096px) 100vw, 2096px\" \/><\/p>\n","protected":false},"excerpt":{"rendered":"<p>Za nami pierwszy sprawdzian w nowym sezonie treningowym 2019\/2020??. W dniu dzisiejszym w Warszawie odby\u0142a si\u0119 Warszawska Olimpiada M\u0142odzie\u017cy. Na matach stawi\u0142o si\u0119 ok 300 zawodnik\u00f3w z Warszawy i z okolicznych miejscowo\u015bci. Poziom zawod\u00f3w by\u0142 bardzo wysoki, tym bardziej ciesz\u0105 dobre wyniki naszych reprezentant\u00f3w. I tak, pierwsze miesjce w swoich kategoriach wiekowych zaj\u0119cli: ?\u00a0Kalina Wi\u015bniewska kata ind.?\u00a0Jacek Wi\u015bniewski kata ind.?\u00a0Stanis\u0142aw<\/p>\n","protected":false},"author":1,"featured_media":0,"comment_status":"closed","ping_status":"closed","sticky":false,"template":"","format":"standard","meta":[],"categories":[1],"tags":[],"_links":{"self":[{"href":"http:\/\/www.karate-sochaczew.pl\/index.php\/wp-json\/wp\/v2\/posts\/1267"}],"collection":[{"href":"http:\/\/www.karate-sochaczew.pl\/index.php\/wp-json\/wp\/v2\/posts"}],"about":[{"href":"http:\/\/www.karate-sochaczew.pl\/index.php\/wp-json\/wp\/v2\/types\/post"}],"author":[{"embeddable":true,"href":"http:\/\/www.karate-sochaczew.pl\/index.php\/wp-json\/wp\/v2\/users\/1"}],"replies":[{"embeddable":true,"href":"http:\/\/www.karate-sochaczew.pl\/index.php\/wp-json\/wp\/v2\/comments?post=1267"}],"version-history":[{"count":1,"href":"http:\/\/www.karate-sochaczew.pl\/index.php\/wp-json\/wp\/v2\/posts\/1267\/revisions"}],"predecessor-version":[{"id":1269,"href":"http:\/\/www.karate-sochaczew.pl\/index.php\/wp-json\/wp\/v2\/posts\/1267\/revisions\/1269"}],"wp:attachment":[{"href":"http:\/\/www.karate-sochaczew.pl\/index.php\/wp-json\/wp\/v2\/media?parent=1267"}],"wp:term":[{"taxonomy":"category","embeddable":true,"href":"http:\/\/www.karate-sochaczew.pl\/index.php\/wp-json\/wp\/v2\/categories?post=1267"},{"taxonomy":"post_tag","embeddable":true,"href":"http:\/\/www.karate-sochaczew.pl\/index.php\/wp-json\/wp\/v2\/tags?post=1267"}],"curies":[{"name":"wp","href":"https:\/\/api.w.org\/{rel}","templated":true}]}}