{"id":1287,"date":"2019-12-21T09:55:52","date_gmt":"2019-12-21T08:55:52","guid":{"rendered":"http:\/\/www.karate-sochaczew.pl\/?p=1287"},"modified":"2019-12-21T09:55:52","modified_gmt":"2019-12-21T08:55:52","slug":"nie-mamy-juz-miejsc-na-polkolonie-zimowe","status":"publish","type":"post","link":"http:\/\/www.karate-sochaczew.pl\/index.php\/2019\/12\/21\/nie-mamy-juz-miejsc-na-polkolonie-zimowe\/","title":{"rendered":"Nie mamy  ju\u017c miejsc na P\u00f3\u0142kolonie zimowe."},"content":{"rendered":"<p><em>Uwaga<span class=\"_5mfr\"><span class=\"_6qdm\">\u203c\ufe0f<\/span><\/span>\u00a0Zamykamy zapisy na P\u00f3\u0142kolonie stacjonarne z Karate w II tyg. Ferii. Wszystkie miejsca mamy ju\u017c zarezerwowane\u00a0<span class=\"_5mfr\"><span class=\"_6qdm\">?<\/span><\/span>. PS wzorem roku ubieg\u0142ego w drugim tygodniu ferii odbywa\u0107 si\u0119 b\u0119d\u0105 treningi karate dla wszystkich cz\u0142onk\u00f3w klubu w wybranych sekcjach.<\/em><\/p>\n","protected":false},"excerpt":{"rendered":"<p>Uwaga\u203c\ufe0f\u00a0Zamykamy zapisy na P\u00f3\u0142kolonie stacjonarne z Karate w II tyg. Ferii. Wszystkie miejsca mamy ju\u017c zarezerwowane\u00a0?. PS wzorem roku ubieg\u0142ego w drugim tygodniu ferii odbywa\u0107 si\u0119 b\u0119d\u0105 treningi karate dla wszystkich cz\u0142onk\u00f3w klubu w wybranych sekcjach.<\/p>\n","protected":false},"author":1,"featured_media":0,"comment_status":"closed","ping_status":"closed","sticky":false,"template":"","format":"standard","meta":[],"categories":[1],"tags":[],"_links":{"self":[{"href":"http:\/\/www.karate-sochaczew.pl\/index.php\/wp-json\/wp\/v2\/posts\/1287"}],"collection":[{"href":"http:\/\/www.karate-sochaczew.pl\/index.php\/wp-json\/wp\/v2\/posts"}],"about":[{"href":"http:\/\/www.karate-sochaczew.pl\/index.php\/wp-json\/wp\/v2\/types\/post"}],"author":[{"embeddable":true,"href":"http:\/\/www.karate-sochaczew.pl\/index.php\/wp-json\/wp\/v2\/users\/1"}],"replies":[{"embeddable":true,"href":"http:\/\/www.karate-sochaczew.pl\/index.php\/wp-json\/wp\/v2\/comments?post=1287"}],"version-history":[{"count":1,"href":"http:\/\/www.karate-sochaczew.pl\/index.php\/wp-json\/wp\/v2\/posts\/1287\/revisions"}],"predecessor-version":[{"id":1288,"href":"http:\/\/www.karate-sochaczew.pl\/index.php\/wp-json\/wp\/v2\/posts\/1287\/revisions\/1288"}],"wp:attachment":[{"href":"http:\/\/www.karate-sochaczew.pl\/index.php\/wp-json\/wp\/v2\/media?parent=1287"}],"wp:term":[{"taxonomy":"category","embeddable":true,"href":"http:\/\/www.karate-sochaczew.pl\/index.php\/wp-json\/wp\/v2\/categories?post=1287"},{"taxonomy":"post_tag","embeddable":true,"href":"http:\/\/www.karate-sochaczew.pl\/index.php\/wp-json\/wp\/v2\/tags?post=1287"}],"curies":[{"name":"wp","href":"https:\/\/api.w.org\/{rel}","templated":true}]}}