{"id":1289,"date":"2019-12-21T09:56:52","date_gmt":"2019-12-21T08:56:52","guid":{"rendered":"http:\/\/www.karate-sochaczew.pl\/?p=1289"},"modified":"2019-12-21T09:56:52","modified_gmt":"2019-12-21T08:56:52","slug":"plan-pracy-na-swieta","status":"publish","type":"post","link":"http:\/\/www.karate-sochaczew.pl\/index.php\/2019\/12\/21\/plan-pracy-na-swieta\/","title":{"rendered":"Plan pracy na \u015awi\u0119ta :)"},"content":{"rendered":"<div class=\"_1dwg _1w_m _q7o\" data-vc-ignore-dynamic=\"1\">\n<div>\n<div id=\"js_1uq\" class=\"_5pbx userContent _3ds9 _3576\" data-testid=\"post_message\" data-ft=\"{&quot;tn&quot;:&quot;K&quot;}\">\n<div id=\"id_5dfdddc61edcc6707318458\" class=\"text_exposed_root text_exposed\">\n<p>Plan Trening\u00f3w w okresie \u015bwi\u0105tecznym 23.12.2019-06.01.2020r.<span class=\"_5mfr\"><span class=\"_6qdm\">?<\/span><\/span><span class=\"_5mfr\"><span class=\"_6qdm\">?<\/span><\/span><span class=\"_5mfr\"><span class=\"_6qdm\">\u203c\ufe0f<\/span><\/span><br \/>\n<span class=\"_5mfr\"><span class=\"_6qdm\">\u2705<\/span><\/span>\u00a027.12.2019 &#8211; SP Broch\u00f3w 14.00-15.00 Wszyscy<br \/>\n<span class=\"_5mfr\"><span class=\"_6qdm\">\u2705<\/span><\/span>\u00a030.12.2019 &#8211; SP Leszno 15.50-16.50 Wszyscy<br \/>\n<span class=\"_5mfr\"><span class=\"_6qdm\">\u2705<\/span><\/span>\u00a030.12.2019 &#8211; SP Broch\u00f3w 17.30-18.30 Wszsycy<br \/>\n<span class=\"_5mfr\"><span class=\"_6qdm\">\u2705<\/span><\/span>\u00a002.01.2020 &#8211; SP nr 3 Sochaczew 17.40 &#8211; bia\u0142e i \u017c\u00f3\u0142te pasy<span class=\"text_exposed_show\"><br \/>\n<span class=\"_5mfr\"><span class=\"_6qdm\">\u2705<\/span><\/span>\u00a002.01.2020 &#8211; SP nr 3 Sochaczew 18.30 &#8211; pom. i ziel. pasy\u00a0<span class=\"_5mfr\"><span class=\"_6qdm\">\u2705<\/span><\/span>\u00a003.01.2020 &#8211; SP K\u0105ty 13.30 &#8211; Przedszkolaki<br \/>\n<span class=\"_5mfr\"><span class=\"_6qdm\">\u2705<\/span><\/span>\u00a003.01.2020 &#8211; SP K\u0105ty 14.00-14.55 Wszyscy<br \/>\n<span class=\"_5mfr\"><span class=\"_6qdm\">\u2705<\/span><\/span>\u00a003.01.2020 &#8211; SP Broch\u00f3w 15.30 &#8211; 16.30 &#8211; bia\u0142e \u017c\u00f3\u0142te pasy<span class=\"_5mfr\"><span class=\"_6qdm\">\u2705<\/span><\/span>\u00a003.01.2020 &#8211; SP Broch\u00f3w 16.30 &#8211; 17.30 &#8211; pomara\u0144czowe i zielone pasy<br \/>\nOd 7 stycznia wrcamy do sta\u0142ego harmonogramu pracy. Oss<\/span><\/p>\n<\/div>\n<\/div>\n<div class=\"_3x-2\" data-ft=\"{&quot;tn&quot;:&quot;H&quot;}\"><\/div>\n<div><\/div>\n<\/div>\n<\/div>\n<div><\/div>\n","protected":false},"excerpt":{"rendered":"<p>Plan Trening\u00f3w w okresie \u015bwi\u0105tecznym 23.12.2019-06.01.2020r.??\u203c\ufe0f \u2705\u00a027.12.2019 &#8211; SP Broch\u00f3w 14.00-15.00 Wszyscy \u2705\u00a030.12.2019 &#8211; SP Leszno 15.50-16.50 Wszyscy \u2705\u00a030.12.2019 &#8211; SP Broch\u00f3w 17.30-18.30 Wszsycy \u2705\u00a002.01.2020 &#8211; SP nr 3 Sochaczew 17.40 &#8211; bia\u0142e i \u017c\u00f3\u0142te pasy \u2705\u00a002.01.2020 &#8211; SP nr 3 Sochaczew 18.30 &#8211; pom. i ziel. pasy\u00a0\u2705\u00a003.01.2020 &#8211; SP K\u0105ty 13.30 &#8211; Przedszkolaki \u2705\u00a003.01.2020 &#8211; SP K\u0105ty 14.00-14.55 Wszyscy<\/p>\n","protected":false},"author":1,"featured_media":0,"comment_status":"closed","ping_status":"closed","sticky":false,"template":"","format":"standard","meta":[],"categories":[1],"tags":[],"_links":{"self":[{"href":"http:\/\/www.karate-sochaczew.pl\/index.php\/wp-json\/wp\/v2\/posts\/1289"}],"collection":[{"href":"http:\/\/www.karate-sochaczew.pl\/index.php\/wp-json\/wp\/v2\/posts"}],"about":[{"href":"http:\/\/www.karate-sochaczew.pl\/index.php\/wp-json\/wp\/v2\/types\/post"}],"author":[{"embeddable":true,"href":"http:\/\/www.karate-sochaczew.pl\/index.php\/wp-json\/wp\/v2\/users\/1"}],"replies":[{"embeddable":true,"href":"http:\/\/www.karate-sochaczew.pl\/index.php\/wp-json\/wp\/v2\/comments?post=1289"}],"version-history":[{"count":1,"href":"http:\/\/www.karate-sochaczew.pl\/index.php\/wp-json\/wp\/v2\/posts\/1289\/revisions"}],"predecessor-version":[{"id":1290,"href":"http:\/\/www.karate-sochaczew.pl\/index.php\/wp-json\/wp\/v2\/posts\/1289\/revisions\/1290"}],"wp:attachment":[{"href":"http:\/\/www.karate-sochaczew.pl\/index.php\/wp-json\/wp\/v2\/media?parent=1289"}],"wp:term":[{"taxonomy":"category","embeddable":true,"href":"http:\/\/www.karate-sochaczew.pl\/index.php\/wp-json\/wp\/v2\/categories?post=1289"},{"taxonomy":"post_tag","embeddable":true,"href":"http:\/\/www.karate-sochaczew.pl\/index.php\/wp-json\/wp\/v2\/tags?post=1289"}],"curies":[{"name":"wp","href":"https:\/\/api.w.org\/{rel}","templated":true}]}}