{"id":1296,"date":"2020-02-12T15:20:04","date_gmt":"2020-02-12T14:20:04","guid":{"rendered":"http:\/\/www.karate-sochaczew.pl\/?p=1296"},"modified":"2020-02-12T15:20:04","modified_gmt":"2020-02-12T14:20:04","slug":"ferie-z-karate-ruszamy-juz-17-lutego-2020","status":"publish","type":"post","link":"http:\/\/www.karate-sochaczew.pl\/index.php\/2020\/02\/12\/ferie-z-karate-ruszamy-juz-17-lutego-2020\/","title":{"rendered":"Ferie z Karate &#8211; Ruszamy ju\u017c 17 lutego 2020"},"content":{"rendered":"<p>Ferie z Karate 2020:<\/p>\n<p>Z p\u00f3\u0142koloniami ruszamy 17 lutego w poniedzia\u0142ek. Nasza baza mie\u015bci si\u0119 w Szkole Podstaowej nr 2 w Sochaczewie ul. 15 sierpnia 44. Dzieci mo\u017cna przyprowadza\u0107 od 7.50 do 8.30. Odbi\u00f3r od 16 do 16.30.<\/p>\n<p>Prosimy aby zabra\u0107 ze sob\u0105 obuwie na zmian\u0119 \/ najlepiej obuwie sportowe \/, karategi z pasem, je\u017celi b\u0119dzie pogoda zimowa, spodnie ocieplane , r\u0119kawiczki itp.<\/p>\n<p>Dzieci maj\u0105 zapewniony dwudaniowy obiad, wod\u0119, herbat\u0119, przek\u0105ski, owoce itp.<\/p>\n<p>Codziennie b\u0119dziemy je\u015b\u0107 drugie \u015bniadanie, prosimy dzieciom da\u0107 (wed\u0142ug uznania i tego co jad\u0142y i czy jad\u0142y \u015bniadanie w domu)\u00a0 kanapk\u0119, s\u0142odk\u0105 bu\u0142k\u0119 itp.<\/p>\n<p>We wtorek jedziemy do kina, damy dzieciom mo\u017cliwo\u015b\u0107 zakupienia popcornu i czego\u015b do picia w kinie \/ kieszonkowe wskazane \ud83d\ude42 \/<\/p>\n<p>We czwartek ruszamy na trampoliny, kto nie posiada skarpetek z antypo\u015blizgiem, prosimy o zabezpieczenie 5 z\u0142 na zakup skarpet na miejscu w Stacji Grawitacjia.<\/p>\n<p>Je\u017celi kto\u015b jeszcze nie dostarczy\u0142, prosimy o przyniesienie kart kwalifikacyjnych w pierwszym dniu po\u0142kolonii.<\/p>\n<p>W razie pyta\u0144, lub istotnych informacji, kt\u00f3re chcecie nam przekaza\u0107 o swoich dzieciach prosimy o kontakt 608 661 245<\/p>\n<p><img decoding=\"async\" loading=\"lazy\" class=\"aligncenter size-full wp-image-1297\" src=\"http:\/\/www.karate-sochaczew.pl\/wp-content\/uploads\/2020\/02\/Harmonogram-Akademii-Karate-2019.jpg\" alt=\"Harmonogram-Akademii-Karate-2019\" width=\"2339\" height=\"1654\" srcset=\"http:\/\/www.karate-sochaczew.pl\/wp-content\/uploads\/2020\/02\/Harmonogram-Akademii-Karate-2019.jpg 2339w, http:\/\/www.karate-sochaczew.pl\/wp-content\/uploads\/2020\/02\/Harmonogram-Akademii-Karate-2019-300x212.jpg 300w, http:\/\/www.karate-sochaczew.pl\/wp-content\/uploads\/2020\/02\/Harmonogram-Akademii-Karate-2019-768x543.jpg 768w, http:\/\/www.karate-sochaczew.pl\/wp-content\/uploads\/2020\/02\/Harmonogram-Akademii-Karate-2019-1024x724.jpg 1024w\" sizes=\"(max-width: 2339px) 100vw, 2339px\" \/><\/p>\n","protected":false},"excerpt":{"rendered":"<p>Ferie z Karate 2020: Z p\u00f3\u0142koloniami ruszamy 17 lutego w poniedzia\u0142ek. Nasza baza mie\u015bci si\u0119 w Szkole Podstaowej nr 2 w Sochaczewie ul. 15 sierpnia 44. Dzieci mo\u017cna przyprowadza\u0107 od 7.50 do 8.30. Odbi\u00f3r od 16 do 16.30. Prosimy aby zabra\u0107 ze sob\u0105 obuwie na zmian\u0119 \/ najlepiej obuwie sportowe \/, karategi z pasem, je\u017celi b\u0119dzie pogoda zimowa, spodnie ocieplane<\/p>\n","protected":false},"author":1,"featured_media":0,"comment_status":"closed","ping_status":"closed","sticky":false,"template":"","format":"standard","meta":[],"categories":[1],"tags":[],"_links":{"self":[{"href":"http:\/\/www.karate-sochaczew.pl\/index.php\/wp-json\/wp\/v2\/posts\/1296"}],"collection":[{"href":"http:\/\/www.karate-sochaczew.pl\/index.php\/wp-json\/wp\/v2\/posts"}],"about":[{"href":"http:\/\/www.karate-sochaczew.pl\/index.php\/wp-json\/wp\/v2\/types\/post"}],"author":[{"embeddable":true,"href":"http:\/\/www.karate-sochaczew.pl\/index.php\/wp-json\/wp\/v2\/users\/1"}],"replies":[{"embeddable":true,"href":"http:\/\/www.karate-sochaczew.pl\/index.php\/wp-json\/wp\/v2\/comments?post=1296"}],"version-history":[{"count":1,"href":"http:\/\/www.karate-sochaczew.pl\/index.php\/wp-json\/wp\/v2\/posts\/1296\/revisions"}],"predecessor-version":[{"id":1298,"href":"http:\/\/www.karate-sochaczew.pl\/index.php\/wp-json\/wp\/v2\/posts\/1296\/revisions\/1298"}],"wp:attachment":[{"href":"http:\/\/www.karate-sochaczew.pl\/index.php\/wp-json\/wp\/v2\/media?parent=1296"}],"wp:term":[{"taxonomy":"category","embeddable":true,"href":"http:\/\/www.karate-sochaczew.pl\/index.php\/wp-json\/wp\/v2\/categories?post=1296"},{"taxonomy":"post_tag","embeddable":true,"href":"http:\/\/www.karate-sochaczew.pl\/index.php\/wp-json\/wp\/v2\/tags?post=1296"}],"curies":[{"name":"wp","href":"https:\/\/api.w.org\/{rel}","templated":true}]}}