{"id":1328,"date":"2020-04-02T10:22:33","date_gmt":"2020-04-02T08:22:33","guid":{"rendered":"http:\/\/www.karate-sochaczew.pl\/?p=1328"},"modified":"2020-04-02T10:22:33","modified_gmt":"2020-04-02T08:22:33","slug":"oboz-letni-dzwirzyno-2020","status":"publish","type":"post","link":"http:\/\/www.karate-sochaczew.pl\/index.php\/2020\/04\/02\/oboz-letni-dzwirzyno-2020\/","title":{"rendered":"Ob\u00f3z Letni D\u017awirzyno 2020 !!!"},"content":{"rendered":"<p>Drodzy Karatecy, Rodzice Karatek\u00f3w&#8230;.<br \/>\nPodejmujemy pr\u00f3b\u0119 zorganizowania \/ za 3 miesi\u0105ce \/ Obozu Letniego D\u017awirzyno 2020<span class=\"_5mfr\"><span class=\"_6qdm\">?<\/span><\/span><span class=\"_5mfr\"><span class=\"_6qdm\">?\u200d<\/span><\/span><span class=\"_5mfr\"><span class=\"_6qdm\">?\u200d<\/span><\/span><span class=\"_5mfr\"><span class=\"_6qdm\">?\u200d<\/span><\/span>. Maj\u0105c na wzgl\u0119dzie obecn\u0105 sytuacj\u0119, licz\u0105c oczywi\u015bcie \u017ce si\u0119 poprawi, przedstawiamy bardzo ELASTYCZNE warunki zapisu i rezerwacji miejsc. Ob\u00f3z jak wiecie, planowany by\u0142 ju\u017c w 2019r. a rezerwacje miejsc i transportu dla Klubu poczynili\u015bmy na pocz\u0105tku 2020r. Akcj\u0119 promocyjn\u0105 w po\u0142owie marca zatrzyma\u0142o nam zamkni\u0119cie szk\u00f3\u0142. Postanowili\u015bmy jednak je<span class=\"text_exposed_show\">j nie zawiesza\u0107. Ruszamy z zapisami.<br \/>\n<span class=\"_5mfr\"><span class=\"_6qdm\">\u2705<\/span><\/span>\u00a0Szczeg\u00f3\u0142y w ULOTCE<br \/>\n<span class=\"_5mfr\"><span class=\"_6qdm\">\u2705<\/span><\/span>\u00a0Na rezerwacje miejsc macie 5 tygodni<br \/>\n<span class=\"_5mfr\"><span class=\"_6qdm\">\u2705<\/span><\/span>\u00a0W razie pyta\u0144 prosimy o kontakt z Klubem.<br \/>\nMAMY NADZIEJ\u0118, \u017ce sytuacja pozwoli nam mie\u0107 WAKACJE. Oss<\/span><\/p>\n<p><img decoding=\"async\" loading=\"lazy\" class=\"aligncenter size-full wp-image-1329\" src=\"http:\/\/www.karate-sochaczew.pl\/wp-content\/uploads\/2020\/04\/ul1.jpg\" alt=\"ul1\" width=\"679\" height=\"960\" srcset=\"http:\/\/www.karate-sochaczew.pl\/wp-content\/uploads\/2020\/04\/ul1.jpg 679w, http:\/\/www.karate-sochaczew.pl\/wp-content\/uploads\/2020\/04\/ul1-212x300.jpg 212w\" sizes=\"(max-width: 679px) 100vw, 679px\" \/> <img decoding=\"async\" loading=\"lazy\" class=\"aligncenter size-full wp-image-1330\" src=\"http:\/\/www.karate-sochaczew.pl\/wp-content\/uploads\/2020\/04\/ul2.jpg\" alt=\"ul2\" width=\"679\" height=\"960\" srcset=\"http:\/\/www.karate-sochaczew.pl\/wp-content\/uploads\/2020\/04\/ul2.jpg 679w, http:\/\/www.karate-sochaczew.pl\/wp-content\/uploads\/2020\/04\/ul2-212x300.jpg 212w\" sizes=\"(max-width: 679px) 100vw, 679px\" \/><\/p>\n","protected":false},"excerpt":{"rendered":"<p>Drodzy Karatecy, Rodzice Karatek\u00f3w&#8230;. Podejmujemy pr\u00f3b\u0119 zorganizowania \/ za 3 miesi\u0105ce \/ Obozu Letniego D\u017awirzyno 2020??\u200d?\u200d?\u200d. Maj\u0105c na wzgl\u0119dzie obecn\u0105 sytuacj\u0119, licz\u0105c oczywi\u015bcie \u017ce si\u0119 poprawi, przedstawiamy bardzo ELASTYCZNE warunki zapisu i rezerwacji miejsc. Ob\u00f3z jak wiecie, planowany by\u0142 ju\u017c w 2019r. a rezerwacje miejsc i transportu dla Klubu poczynili\u015bmy na pocz\u0105tku 2020r. Akcj\u0119 promocyjn\u0105 w po\u0142owie marca zatrzyma\u0142o nam<\/p>\n","protected":false},"author":1,"featured_media":0,"comment_status":"closed","ping_status":"closed","sticky":false,"template":"","format":"standard","meta":[],"categories":[18],"tags":[],"_links":{"self":[{"href":"http:\/\/www.karate-sochaczew.pl\/index.php\/wp-json\/wp\/v2\/posts\/1328"}],"collection":[{"href":"http:\/\/www.karate-sochaczew.pl\/index.php\/wp-json\/wp\/v2\/posts"}],"about":[{"href":"http:\/\/www.karate-sochaczew.pl\/index.php\/wp-json\/wp\/v2\/types\/post"}],"author":[{"embeddable":true,"href":"http:\/\/www.karate-sochaczew.pl\/index.php\/wp-json\/wp\/v2\/users\/1"}],"replies":[{"embeddable":true,"href":"http:\/\/www.karate-sochaczew.pl\/index.php\/wp-json\/wp\/v2\/comments?post=1328"}],"version-history":[{"count":1,"href":"http:\/\/www.karate-sochaczew.pl\/index.php\/wp-json\/wp\/v2\/posts\/1328\/revisions"}],"predecessor-version":[{"id":1331,"href":"http:\/\/www.karate-sochaczew.pl\/index.php\/wp-json\/wp\/v2\/posts\/1328\/revisions\/1331"}],"wp:attachment":[{"href":"http:\/\/www.karate-sochaczew.pl\/index.php\/wp-json\/wp\/v2\/media?parent=1328"}],"wp:term":[{"taxonomy":"category","embeddable":true,"href":"http:\/\/www.karate-sochaczew.pl\/index.php\/wp-json\/wp\/v2\/categories?post=1328"},{"taxonomy":"post_tag","embeddable":true,"href":"http:\/\/www.karate-sochaczew.pl\/index.php\/wp-json\/wp\/v2\/tags?post=1328"}],"curies":[{"name":"wp","href":"https:\/\/api.w.org\/{rel}","templated":true}]}}