{"id":1344,"date":"2020-04-26T13:25:01","date_gmt":"2020-04-26T11:25:01","guid":{"rendered":"http:\/\/www.karate-sochaczew.pl\/?p=1344"},"modified":"2020-04-26T13:31:08","modified_gmt":"2020-04-26T11:31:08","slug":"zapraszamy-na-treningi-na-on-line-zoom","status":"publish","type":"post","link":"http:\/\/www.karate-sochaczew.pl\/index.php\/2020\/04\/26\/zapraszamy-na-treningi-na-on-line-zoom\/","title":{"rendered":"Zapraszamy na treningi na ON-line ZOOM"},"content":{"rendered":"<p>Zapraszamy na zaj\u0119cia online.<\/p>\n<p>Treningi odbywa\u0107 si\u0119 b\u0119d\u0105 w PONIEDZIA\u0141KI i \u015aRODY \/startujemy 27 kwietnia \/ wg rozpiski:<\/p>\n<ul>\n<li><span style=\"text-decoration: underline;\">Pocz\u0105tkuj\u0105cy i bia\u0142e pasy<\/span> godzina <strong>17.00<\/strong><strong>\u00a0 \u00a0<\/strong><\/li>\n<\/ul>\n<p>https:\/\/us04web.zoom.us\/j\/8536717670?pwd=jcwaG4CSQdOUwHlhJqaW1S3V7LydsA<\/p>\n<p>Meeting ID: 853 671 7670<strong>\u00a0\u00a0<\/strong><strong>\u00a0<\/strong><\/p>\n<ul>\n<li><span style=\"text-decoration: underline;\"><span style=\"color: #000000; text-decoration: underline;\">\u017b\u00f3\u0142te <\/span>i Pomara\u0144czowe pasy <\/span>godzina <strong>17.50<\/strong><\/li>\n<\/ul>\n<p>https:\/\/us04web.zoom.us\/j\/8536717670?pwd=jcwaG4CSQdOUwHlhJqaW1S3V7LydsA<\/p>\n<p>Meeting ID: 853 671 7670<\/p>\n<ul>\n<li><span style=\"text-decoration: underline;\">Zielone i Niebieskie pasy\u00a0<\/span>godzina\u00a0<strong>18.40<\/strong><\/li>\n<\/ul>\n<p>https:\/\/us04web.zoom.us\/j\/8536717670?pwd=jcwaG4CSQdOUwHlhJqaW1S3V7LydsA<\/p>\n<p>Meeting\u00a0ID: 853 671 7670<\/p>\n<p>Has\u0142a zosta\u0142y wys\u0142anie do Pa\u0144stwa SMS-ami. Je\u017celi kto\u015b nie otrzyma\u0142 wiadomo\u015bci, prosimy o kontakt pod nr tel 608 661 245.<\/p>\n<p>Oss<\/p>\n<p><img decoding=\"async\" loading=\"lazy\" class=\"aligncenter size-full wp-image-1345\" src=\"http:\/\/www.karate-sochaczew.pl\/wp-content\/uploads\/2020\/04\/zoommmm.jpg\" alt=\"zoommmm\" width=\"1200\" height=\"1200\" srcset=\"http:\/\/www.karate-sochaczew.pl\/wp-content\/uploads\/2020\/04\/zoommmm.jpg 1200w, http:\/\/www.karate-sochaczew.pl\/wp-content\/uploads\/2020\/04\/zoommmm-150x150.jpg 150w, http:\/\/www.karate-sochaczew.pl\/wp-content\/uploads\/2020\/04\/zoommmm-300x300.jpg 300w, http:\/\/www.karate-sochaczew.pl\/wp-content\/uploads\/2020\/04\/zoommmm-768x768.jpg 768w, http:\/\/www.karate-sochaczew.pl\/wp-content\/uploads\/2020\/04\/zoommmm-1024x1024.jpg 1024w\" sizes=\"(max-width: 1200px) 100vw, 1200px\" \/><\/p>\n<p>&nbsp;<\/p>\n","protected":false},"excerpt":{"rendered":"<p>Zapraszamy na zaj\u0119cia online. Treningi odbywa\u0107 si\u0119 b\u0119d\u0105 w PONIEDZIA\u0141KI i \u015aRODY \/startujemy 27 kwietnia \/ wg rozpiski: Pocz\u0105tkuj\u0105cy i bia\u0142e pasy godzina 17.00\u00a0 \u00a0 https:\/\/us04web.zoom.us\/j\/8536717670?pwd=jcwaG4CSQdOUwHlhJqaW1S3V7LydsA Meeting ID: 853 671 7670\u00a0\u00a0\u00a0 \u017b\u00f3\u0142te i Pomara\u0144czowe pasy godzina 17.50 https:\/\/us04web.zoom.us\/j\/8536717670?pwd=jcwaG4CSQdOUwHlhJqaW1S3V7LydsA Meeting ID: 853 671 7670 Zielone i Niebieskie pasy\u00a0godzina\u00a018.40 https:\/\/us04web.zoom.us\/j\/8536717670?pwd=jcwaG4CSQdOUwHlhJqaW1S3V7LydsA Meeting\u00a0ID: 853 671 7670 Has\u0142a zosta\u0142y wys\u0142anie do Pa\u0144stwa SMS-ami. Je\u017celi kto\u015b<\/p>\n","protected":false},"author":1,"featured_media":0,"comment_status":"closed","ping_status":"closed","sticky":false,"template":"","format":"standard","meta":[],"categories":[1],"tags":[],"_links":{"self":[{"href":"http:\/\/www.karate-sochaczew.pl\/index.php\/wp-json\/wp\/v2\/posts\/1344"}],"collection":[{"href":"http:\/\/www.karate-sochaczew.pl\/index.php\/wp-json\/wp\/v2\/posts"}],"about":[{"href":"http:\/\/www.karate-sochaczew.pl\/index.php\/wp-json\/wp\/v2\/types\/post"}],"author":[{"embeddable":true,"href":"http:\/\/www.karate-sochaczew.pl\/index.php\/wp-json\/wp\/v2\/users\/1"}],"replies":[{"embeddable":true,"href":"http:\/\/www.karate-sochaczew.pl\/index.php\/wp-json\/wp\/v2\/comments?post=1344"}],"version-history":[{"count":5,"href":"http:\/\/www.karate-sochaczew.pl\/index.php\/wp-json\/wp\/v2\/posts\/1344\/revisions"}],"predecessor-version":[{"id":1352,"href":"http:\/\/www.karate-sochaczew.pl\/index.php\/wp-json\/wp\/v2\/posts\/1344\/revisions\/1352"}],"wp:attachment":[{"href":"http:\/\/www.karate-sochaczew.pl\/index.php\/wp-json\/wp\/v2\/media?parent=1344"}],"wp:term":[{"taxonomy":"category","embeddable":true,"href":"http:\/\/www.karate-sochaczew.pl\/index.php\/wp-json\/wp\/v2\/categories?post=1344"},{"taxonomy":"post_tag","embeddable":true,"href":"http:\/\/www.karate-sochaczew.pl\/index.php\/wp-json\/wp\/v2\/tags?post=1344"}],"curies":[{"name":"wp","href":"https:\/\/api.w.org\/{rel}","templated":true}]}}