{"id":1365,"date":"2020-05-27T09:10:44","date_gmt":"2020-05-27T07:10:44","guid":{"rendered":"http:\/\/www.karate-sochaczew.pl\/?p=1365"},"modified":"2020-05-27T09:10:44","modified_gmt":"2020-05-27T07:10:44","slug":"powrot-na-treningi-czerwiec-2020","status":"publish","type":"post","link":"http:\/\/www.karate-sochaczew.pl\/index.php\/2020\/05\/27\/powrot-na-treningi-czerwiec-2020\/","title":{"rendered":"Powr\u00f3t na treningi &#8211; Czerwiec 2020"},"content":{"rendered":"<p>W czerwcu 2020, w tych obiektach, w kt\u00f3rych jest to mo\u017cliwe, prowadzi\u0107 b\u0119dziemy stacjonarne treningi karate, zgdonie z zaleceniami i wytycznymi Ministerstwa Zdrowia.<\/p>\n<p>Najwa\u017cniejsze informacje:<\/p>\n<p>\u27a1\ufe0f\u00a0w trenigu udzia\u0142 mog\u0105 bra\u0107 jedynie osoby ZDROWE \/ Organizator zastrzega sobie prawo do niedopuszczenia do zaj\u0119\u0107 osoby, co do kt\u00f3rej podejrzewa, \u017ce jest chora, kaszle, b\u0105d\u017a ma wysok\u0105 temperatur\u0119 \/<\/p>\n<p>\u27a1\ufe0f\u00a0w treningu mo\u017ce bra\u0107 udzia\u0142 okre\u015blona liczba os\u00f3b \/ ka\u017cdy ma przydzielon\u0105 grup\u0119 treningow\u0105 \/<\/p>\n<p>\u27a1\ufe0f\u00a0zachowany powinien by\u0107 dystans mi\u0119dzy \u0107wicz\u0105cymi \/ nie b\u0119dziemy wykonywa\u0107 \u0107wicze\u0144 w bezpo\u015brednim kontakcie \/<\/p>\n<p>\u27a1\ufe0f\u00a0\u0107wicz\u0105cy nie mog\u0105 korzysta\u0107 z szatni<\/p>\n<p>\u27a1\ufe0f\u00a0osoby postronne \/ m.in. rodzice, opiekunowie \/ nie mog\u0105 przebywa\u0107 na terenie sali oraz obiektu w trakcie treningu<\/p>\n<p>\u27a1\ufe0f\u00a0ka\u017cdy wchodz\u0105cy i wychodz\u0105cy z zaj\u0119\u0107 zobowi\u0105zany jest odkazi\u0107 d\u0142onie \/ p\u0142yny zapewnia Karate Klub Sochaczew \/<\/p>\n<p>\u27a1\ufe0f\u00a0po ka\u017cdej \u0107wicz\u0105cej grupie organizator zobowi\u0105zany jest do dezynfekcji urz\u0105dze\u0144 oraz sprz\u0119tu<\/p>\n<p>\u27a1\ufe0f\u00a0pomi\u0119dzy \u0107wicz\u0105cymi grupami nale\u017cy wygospodarowa\u0107 minimum 15 minutow\u0105 przerw\u0119<\/p>\n<p>Godziny i miejsce zaj\u0119\u0107 zosta\u0142y wys\u0142ane SMS-em. W razie pyta\u0144 prosimy o kontakt.<\/p>\n<p>Oss<\/p>\n<p><img decoding=\"async\" loading=\"lazy\" class=\"aligncenter size-full wp-image-1366\" src=\"http:\/\/www.karate-sochaczew.pl\/wp-content\/uploads\/2020\/05\/96572497_946347615781396_5474755693649068032_n.jpg\" alt=\"96572497_946347615781396_5474755693649068032_n\" width=\"720\" height=\"405\" srcset=\"http:\/\/www.karate-sochaczew.pl\/wp-content\/uploads\/2020\/05\/96572497_946347615781396_5474755693649068032_n.jpg 720w, http:\/\/www.karate-sochaczew.pl\/wp-content\/uploads\/2020\/05\/96572497_946347615781396_5474755693649068032_n-300x169.jpg 300w\" sizes=\"(max-width: 720px) 100vw, 720px\" \/><\/p>\n","protected":false},"excerpt":{"rendered":"<p>W czerwcu 2020, w tych obiektach, w kt\u00f3rych jest to mo\u017cliwe, prowadzi\u0107 b\u0119dziemy stacjonarne treningi karate, zgdonie z zaleceniami i wytycznymi Ministerstwa Zdrowia. Najwa\u017cniejsze informacje: \u27a1\ufe0f\u00a0w trenigu udzia\u0142 mog\u0105 bra\u0107 jedynie osoby ZDROWE \/ Organizator zastrzega sobie prawo do niedopuszczenia do zaj\u0119\u0107 osoby, co do kt\u00f3rej podejrzewa, \u017ce jest chora, kaszle, b\u0105d\u017a ma wysok\u0105 temperatur\u0119 \/ \u27a1\ufe0f\u00a0w treningu mo\u017ce bra\u0107<\/p>\n","protected":false},"author":1,"featured_media":0,"comment_status":"closed","ping_status":"closed","sticky":false,"template":"","format":"standard","meta":[],"categories":[1],"tags":[],"_links":{"self":[{"href":"http:\/\/www.karate-sochaczew.pl\/index.php\/wp-json\/wp\/v2\/posts\/1365"}],"collection":[{"href":"http:\/\/www.karate-sochaczew.pl\/index.php\/wp-json\/wp\/v2\/posts"}],"about":[{"href":"http:\/\/www.karate-sochaczew.pl\/index.php\/wp-json\/wp\/v2\/types\/post"}],"author":[{"embeddable":true,"href":"http:\/\/www.karate-sochaczew.pl\/index.php\/wp-json\/wp\/v2\/users\/1"}],"replies":[{"embeddable":true,"href":"http:\/\/www.karate-sochaczew.pl\/index.php\/wp-json\/wp\/v2\/comments?post=1365"}],"version-history":[{"count":1,"href":"http:\/\/www.karate-sochaczew.pl\/index.php\/wp-json\/wp\/v2\/posts\/1365\/revisions"}],"predecessor-version":[{"id":1367,"href":"http:\/\/www.karate-sochaczew.pl\/index.php\/wp-json\/wp\/v2\/posts\/1365\/revisions\/1367"}],"wp:attachment":[{"href":"http:\/\/www.karate-sochaczew.pl\/index.php\/wp-json\/wp\/v2\/media?parent=1365"}],"wp:term":[{"taxonomy":"category","embeddable":true,"href":"http:\/\/www.karate-sochaczew.pl\/index.php\/wp-json\/wp\/v2\/categories?post=1365"},{"taxonomy":"post_tag","embeddable":true,"href":"http:\/\/www.karate-sochaczew.pl\/index.php\/wp-json\/wp\/v2\/tags?post=1365"}],"curies":[{"name":"wp","href":"https:\/\/api.w.org\/{rel}","templated":true}]}}