{"id":1368,"date":"2020-06-01T12:07:11","date_gmt":"2020-06-01T10:07:11","guid":{"rendered":"http:\/\/www.karate-sochaczew.pl\/?p=1368"},"modified":"2020-06-01T12:12:31","modified_gmt":"2020-06-01T10:12:31","slug":"karate-info-czerwiec-treningi-zoom-skladki","status":"publish","type":"post","link":"http:\/\/www.karate-sochaczew.pl\/index.php\/2020\/06\/01\/karate-info-czerwiec-treningi-zoom-skladki\/","title":{"rendered":"Karate info &#8211; Czerwiec \/ Treningi &#8211; ZOOM &#8211; Sk\u0142adki \/"},"content":{"rendered":"<p>Witam, <strong>od 1 czerwca ruszamy z treningami<\/strong>\u00a0\/zgodnie z wytycznymi MZ\/ w formie tradycyjnej. Wys\u0142ali\u015bmy do os\u00f3b deklaruj\u0105cych ch\u0119\u0107 trening\u00f3w, info z przydzia\u0142em do konkretnej grupy. P\u00f3ki co mo\u017cna bra\u0107 udzia\u0142 jedynie w zaj\u0119ciach na swojej przypisanej sekcji.<\/p>\n<p>===================================================================<\/p>\n<p><strong>ZOOM<\/strong> &#8211; Trening mozna uzupe\u0142ni\u0107 w ramach zaj\u0119\u0107 online.<\/p>\n<p>Treningi dla wszystkich odbywa\u0107 si\u0119 b\u0119d\u0105 w czerwcu w\u00a0<strong>\u015brody<\/strong> od godz 19.10 oraz <strong>niedziele<\/strong> od godziny 10.30.<\/p>\n<p>Dane rejestracyjne \/ ID oraz has\u0142o\/ bez\u00a0 zmian. Je\u017celi kto\u015b potrzebuje prosz\u0119 o sms na nr 608 661 245.<\/p>\n<p>======================================================================<\/p>\n<p><strong>Sk\u0142adki\u00a0<\/strong><\/p>\n<p>Osoby, uczestnicz\u0105ce w tradycyjnej formie &#8211; sk\u0142adka w czerwcu zgodnie z regulaminem 90 z\u0142<\/p>\n<p>Osoby, kt\u00f3re nie trenuj\u0105 z nami na sali, warunki zgodnie z komunikatem z 30 kwietnia 2020 \/ post poni\u017cej w aktualno\u015bci na stronie z dn. 30 kwietnia 2020.<\/p>\n<p><img decoding=\"async\" loading=\"lazy\" class=\"aligncenter size-full wp-image-1369\" src=\"http:\/\/www.karate-sochaczew.pl\/wp-content\/uploads\/2020\/06\/x.png\" alt=\"x\" width=\"940\" height=\"788\" srcset=\"http:\/\/www.karate-sochaczew.pl\/wp-content\/uploads\/2020\/06\/x.png 940w, http:\/\/www.karate-sochaczew.pl\/wp-content\/uploads\/2020\/06\/x-300x251.png 300w, http:\/\/www.karate-sochaczew.pl\/wp-content\/uploads\/2020\/06\/x-768x644.png 768w\" sizes=\"(max-width: 940px) 100vw, 940px\" \/><\/p>\n<p>&nbsp;<\/p>\n","protected":false},"excerpt":{"rendered":"<p>Witam, od 1 czerwca ruszamy z treningami\u00a0\/zgodnie z wytycznymi MZ\/ w formie tradycyjnej. Wys\u0142ali\u015bmy do os\u00f3b deklaruj\u0105cych ch\u0119\u0107 trening\u00f3w, info z przydzia\u0142em do konkretnej grupy. P\u00f3ki co mo\u017cna bra\u0107 udzia\u0142 jedynie w zaj\u0119ciach na swojej przypisanej sekcji. =================================================================== ZOOM &#8211; Trening mozna uzupe\u0142ni\u0107 w ramach zaj\u0119\u0107 online. Treningi dla wszystkich odbywa\u0107 si\u0119 b\u0119d\u0105 w czerwcu w\u00a0\u015brody od godz 19.10 oraz<\/p>\n","protected":false},"author":1,"featured_media":0,"comment_status":"closed","ping_status":"closed","sticky":false,"template":"","format":"standard","meta":[],"categories":[1],"tags":[],"_links":{"self":[{"href":"http:\/\/www.karate-sochaczew.pl\/index.php\/wp-json\/wp\/v2\/posts\/1368"}],"collection":[{"href":"http:\/\/www.karate-sochaczew.pl\/index.php\/wp-json\/wp\/v2\/posts"}],"about":[{"href":"http:\/\/www.karate-sochaczew.pl\/index.php\/wp-json\/wp\/v2\/types\/post"}],"author":[{"embeddable":true,"href":"http:\/\/www.karate-sochaczew.pl\/index.php\/wp-json\/wp\/v2\/users\/1"}],"replies":[{"embeddable":true,"href":"http:\/\/www.karate-sochaczew.pl\/index.php\/wp-json\/wp\/v2\/comments?post=1368"}],"version-history":[{"count":2,"href":"http:\/\/www.karate-sochaczew.pl\/index.php\/wp-json\/wp\/v2\/posts\/1368\/revisions"}],"predecessor-version":[{"id":1372,"href":"http:\/\/www.karate-sochaczew.pl\/index.php\/wp-json\/wp\/v2\/posts\/1368\/revisions\/1372"}],"wp:attachment":[{"href":"http:\/\/www.karate-sochaczew.pl\/index.php\/wp-json\/wp\/v2\/media?parent=1368"}],"wp:term":[{"taxonomy":"category","embeddable":true,"href":"http:\/\/www.karate-sochaczew.pl\/index.php\/wp-json\/wp\/v2\/categories?post=1368"},{"taxonomy":"post_tag","embeddable":true,"href":"http:\/\/www.karate-sochaczew.pl\/index.php\/wp-json\/wp\/v2\/tags?post=1368"}],"curies":[{"name":"wp","href":"https:\/\/api.w.org\/{rel}","templated":true}]}}