{"id":1383,"date":"2020-06-26T09:08:49","date_gmt":"2020-06-26T07:08:49","guid":{"rendered":"http:\/\/www.karate-sochaczew.pl\/?p=1383"},"modified":"2020-06-26T09:47:31","modified_gmt":"2020-06-26T07:47:31","slug":"trenujemy-w-lipcu-w-mosir-sochaczew","status":"publish","type":"post","link":"http:\/\/www.karate-sochaczew.pl\/index.php\/2020\/06\/26\/trenujemy-w-lipcu-w-mosir-sochaczew\/","title":{"rendered":"Trenujemy w Lipcu w MOSiR Sochaczew !!!"},"content":{"rendered":"<p>Zapraszamy na treningi w Lipcu do MOSiR Sochaczew ul. Chopina 101.<\/p>\n<p>Zaj\u0119cia odbywa\u0107 si\u0119 b\u0119d\u0105 w Poniedzia\u0142ki i Czwartki<\/p>\n<p>17.15-18.00 &#8211; Grupa Podstawowa<\/p>\n<p>18.15-19.00 &#8211; Grupa \u015aredniozaawansowana<\/p>\n<p>19.15-20.15 &#8211; Grupa Zaawansowana<\/p>\n<p>Sk\u0142adki \/ Op\u0142aty<\/p>\n<p>Dla uczestnicz\u0105cych w zaj\u0119ciach &#8211; regularna 90 z\u0142 za miesi\u0105c \/ rodze\u0144stwo 70 z\u0142 . \/<\/p>\n<p>Dla os\u00f3b nie uczestnicz\u0105cych w zaj\u0119ciach &#8211; postojowa 30 z\u0142. za miesi\u0105c<\/p>\n<p>ZAPRASZAMY\u00a0 \u00a0do\u00a0 \u00a0aktywnego sp\u0119dzenia Wakacji.<\/p>\n<p><img decoding=\"async\" loading=\"lazy\" class=\"aligncenter size-full wp-image-1385\" src=\"http:\/\/www.karate-sochaczew.pl\/wp-content\/uploads\/2020\/06\/PRZY-PA-DEK.png\" alt=\"PRZY-PA-DEK\" width=\"1080\" height=\"1080\" srcset=\"http:\/\/www.karate-sochaczew.pl\/wp-content\/uploads\/2020\/06\/PRZY-PA-DEK.png 1080w, http:\/\/www.karate-sochaczew.pl\/wp-content\/uploads\/2020\/06\/PRZY-PA-DEK-150x150.png 150w, http:\/\/www.karate-sochaczew.pl\/wp-content\/uploads\/2020\/06\/PRZY-PA-DEK-300x300.png 300w, http:\/\/www.karate-sochaczew.pl\/wp-content\/uploads\/2020\/06\/PRZY-PA-DEK-768x768.png 768w, http:\/\/www.karate-sochaczew.pl\/wp-content\/uploads\/2020\/06\/PRZY-PA-DEK-1024x1024.png 1024w\" sizes=\"(max-width: 1080px) 100vw, 1080px\" \/><\/p>\n","protected":false},"excerpt":{"rendered":"<p>Zapraszamy na treningi w Lipcu do MOSiR Sochaczew ul. Chopina 101. Zaj\u0119cia odbywa\u0107 si\u0119 b\u0119d\u0105 w Poniedzia\u0142ki i Czwartki 17.15-18.00 &#8211; Grupa Podstawowa 18.15-19.00 &#8211; Grupa \u015aredniozaawansowana 19.15-20.15 &#8211; Grupa Zaawansowana Sk\u0142adki \/ Op\u0142aty Dla uczestnicz\u0105cych w zaj\u0119ciach &#8211; regularna 90 z\u0142 za miesi\u0105c \/ rodze\u0144stwo 70 z\u0142 . \/ Dla os\u00f3b nie uczestnicz\u0105cych w zaj\u0119ciach &#8211; postojowa 30 z\u0142.<\/p>\n","protected":false},"author":1,"featured_media":0,"comment_status":"closed","ping_status":"closed","sticky":false,"template":"","format":"standard","meta":[],"categories":[1],"tags":[],"_links":{"self":[{"href":"http:\/\/www.karate-sochaczew.pl\/index.php\/wp-json\/wp\/v2\/posts\/1383"}],"collection":[{"href":"http:\/\/www.karate-sochaczew.pl\/index.php\/wp-json\/wp\/v2\/posts"}],"about":[{"href":"http:\/\/www.karate-sochaczew.pl\/index.php\/wp-json\/wp\/v2\/types\/post"}],"author":[{"embeddable":true,"href":"http:\/\/www.karate-sochaczew.pl\/index.php\/wp-json\/wp\/v2\/users\/1"}],"replies":[{"embeddable":true,"href":"http:\/\/www.karate-sochaczew.pl\/index.php\/wp-json\/wp\/v2\/comments?post=1383"}],"version-history":[{"count":2,"href":"http:\/\/www.karate-sochaczew.pl\/index.php\/wp-json\/wp\/v2\/posts\/1383\/revisions"}],"predecessor-version":[{"id":1387,"href":"http:\/\/www.karate-sochaczew.pl\/index.php\/wp-json\/wp\/v2\/posts\/1383\/revisions\/1387"}],"wp:attachment":[{"href":"http:\/\/www.karate-sochaczew.pl\/index.php\/wp-json\/wp\/v2\/media?parent=1383"}],"wp:term":[{"taxonomy":"category","embeddable":true,"href":"http:\/\/www.karate-sochaczew.pl\/index.php\/wp-json\/wp\/v2\/categories?post=1383"},{"taxonomy":"post_tag","embeddable":true,"href":"http:\/\/www.karate-sochaczew.pl\/index.php\/wp-json\/wp\/v2\/tags?post=1383"}],"curies":[{"name":"wp","href":"https:\/\/api.w.org\/{rel}","templated":true}]}}