{"id":1390,"date":"2020-07-21T22:36:56","date_gmt":"2020-07-21T20:36:56","guid":{"rendered":"http:\/\/www.karate-sochaczew.pl\/?p=1390"},"modified":"2020-07-30T06:06:21","modified_gmt":"2020-07-30T04:06:21","slug":"polkolonie-i-turnus-start-27-lipca-2020","status":"publish","type":"post","link":"http:\/\/www.karate-sochaczew.pl\/index.php\/2020\/07\/21\/polkolonie-i-turnus-start-27-lipca-2020\/","title":{"rendered":"P\u00f3\u0142kolonie &#8211; II Turnus &#8211; Start 03 sierpnia 2020"},"content":{"rendered":"<p>II turnus p\u00f3\u0142kolonii Wakacje z Karate 2020 zaczynamy 03 sierpnia 2020r. w S.P. nr 2 Sochaczew ul. 15 sierpnia 44.<\/p>\n<ul>\n<li>Zbi\u00f3rka dzieci <span style=\"text-decoration: underline;\">8.00 &#8211; 8.30<\/span>\u00a0 \/ Opiekunowie na pewno b\u0119d\u0105 kilka minut wcze\u015bniej \ud83d\ude42 \/<\/li>\n<li>Odbi\u00f3r dzieci <span style=\"text-decoration: underline;\">16.00-16.30<\/span>\u00a0\/lub po uprzedzeniu nas oczywi\u015bcie odbi\u00f3r mo\u017ce by\u0107 wcze\u015bniej\/<\/li>\n<li>Je\u017celi kto\u015b nie dostarczy\u0142 dokument\u00f3w, prosimy o zabranie ze sob\u0105\u00a0 \/ karta kwalifikacyjna, regulamin oraz o\u015bwiadczenie \/<\/li>\n<li>Dzieci zabiera\u0107 ze sob\u0105 powinny: maseczk\u0119 \/mo\u017ce by\u0107 konieczno\u015b\u0107 u\u017cycia przy wyj\u015bciach\/, obuwie na zmian\u0119, str\u00f3j sportowy, drugie \u015bniadanie \/ wedle uznania kto co lubi \ud83d\ude42 \/<\/li>\n<li>W czasie p\u00f3\u0142kolonii obowi\u0105zuje zakaz jedzenia chips\u00f3w itp oraz picia coli itp. gazowa\u0144c\u00f3w \/ wyj\u0105tekiem mo\u017ce by\u0107 wyj\u015bcie do kina \/<\/li>\n<li>W dniu wyjazdu do kina tj. we wtorek 04 lsierpnia, mo\u017cna da\u0107 dzieciom kieszonkowe na nap\u00f3j, popcorn itp.<\/li>\n<li>P\u00f3\u0142kolonia zg\u0142oszona jest do Kuratorium O\u015bwiaty pod nr\u00a024150\/MAZ\/L-2020<\/li>\n<li>Kontakt do Organizatora &#8211; 608 661 245 lub 666 341 465<\/li>\n<li>Kadra &#8211; \u0141ukasz Klimczewski, Damin Falkowski, Monika Klimczewska<\/li>\n<li>Przypominamy, \u017ce na p\u00f3\u0142kolonie Dzieci przychodz\u0105 zdrowe. Prosimy informowa\u0107 nas o ka\u017cdym niepokoj\u0105cym Pa\u0144stwa fakcie.<\/li>\n<\/ul>\n<p><img decoding=\"async\" loading=\"lazy\" class=\"aligncenter size-full wp-image-1405\" src=\"http:\/\/www.karate-sochaczew.pl\/wp-content\/uploads\/2020\/07\/pon-03.08.png\" alt=\"pon 03.08\" width=\"1080\" height=\"1080\" srcset=\"http:\/\/www.karate-sochaczew.pl\/wp-content\/uploads\/2020\/07\/pon-03.08.png 1080w, http:\/\/www.karate-sochaczew.pl\/wp-content\/uploads\/2020\/07\/pon-03.08-150x150.png 150w, http:\/\/www.karate-sochaczew.pl\/wp-content\/uploads\/2020\/07\/pon-03.08-300x300.png 300w, http:\/\/www.karate-sochaczew.pl\/wp-content\/uploads\/2020\/07\/pon-03.08-768x768.png 768w, http:\/\/www.karate-sochaczew.pl\/wp-content\/uploads\/2020\/07\/pon-03.08-1024x1024.png 1024w\" sizes=\"(max-width: 1080px) 100vw, 1080px\" \/><img decoding=\"async\" loading=\"lazy\" class=\"aligncenter size-full wp-image-1406\" src=\"http:\/\/www.karate-sochaczew.pl\/wp-content\/uploads\/2020\/07\/wtorek-04.08.png\" alt=\"wtorek 04.08\" width=\"1080\" height=\"1080\" srcset=\"http:\/\/www.karate-sochaczew.pl\/wp-content\/uploads\/2020\/07\/wtorek-04.08.png 1080w, http:\/\/www.karate-sochaczew.pl\/wp-content\/uploads\/2020\/07\/wtorek-04.08-150x150.png 150w, http:\/\/www.karate-sochaczew.pl\/wp-content\/uploads\/2020\/07\/wtorek-04.08-300x300.png 300w, http:\/\/www.karate-sochaczew.pl\/wp-content\/uploads\/2020\/07\/wtorek-04.08-768x768.png 768w, http:\/\/www.karate-sochaczew.pl\/wp-content\/uploads\/2020\/07\/wtorek-04.08-1024x1024.png 1024w\" sizes=\"(max-width: 1080px) 100vw, 1080px\" \/><img decoding=\"async\" loading=\"lazy\" class=\"aligncenter size-full wp-image-1407\" src=\"http:\/\/www.karate-sochaczew.pl\/wp-content\/uploads\/2020\/07\/sroda-05.08.png\" alt=\"sroda 05.08\" width=\"1080\" height=\"1080\" srcset=\"http:\/\/www.karate-sochaczew.pl\/wp-content\/uploads\/2020\/07\/sroda-05.08.png 1080w, http:\/\/www.karate-sochaczew.pl\/wp-content\/uploads\/2020\/07\/sroda-05.08-150x150.png 150w, http:\/\/www.karate-sochaczew.pl\/wp-content\/uploads\/2020\/07\/sroda-05.08-300x300.png 300w, http:\/\/www.karate-sochaczew.pl\/wp-content\/uploads\/2020\/07\/sroda-05.08-768x768.png 768w, http:\/\/www.karate-sochaczew.pl\/wp-content\/uploads\/2020\/07\/sroda-05.08-1024x1024.png 1024w\" sizes=\"(max-width: 1080px) 100vw, 1080px\" \/><img decoding=\"async\" loading=\"lazy\" class=\"aligncenter size-full wp-image-1408\" src=\"http:\/\/www.karate-sochaczew.pl\/wp-content\/uploads\/2020\/07\/czwartek-0608.png\" alt=\"czwartek 0608\" width=\"1080\" height=\"1080\" srcset=\"http:\/\/www.karate-sochaczew.pl\/wp-content\/uploads\/2020\/07\/czwartek-0608.png 1080w, http:\/\/www.karate-sochaczew.pl\/wp-content\/uploads\/2020\/07\/czwartek-0608-150x150.png 150w, http:\/\/www.karate-sochaczew.pl\/wp-content\/uploads\/2020\/07\/czwartek-0608-300x300.png 300w, http:\/\/www.karate-sochaczew.pl\/wp-content\/uploads\/2020\/07\/czwartek-0608-768x768.png 768w, http:\/\/www.karate-sochaczew.pl\/wp-content\/uploads\/2020\/07\/czwartek-0608-1024x1024.png 1024w\" sizes=\"(max-width: 1080px) 100vw, 1080px\" \/><img decoding=\"async\" loading=\"lazy\" class=\"aligncenter size-full wp-image-1409\" src=\"http:\/\/www.karate-sochaczew.pl\/wp-content\/uploads\/2020\/07\/piatek-07.08.png\" alt=\"piatek 07.08\" width=\"1080\" height=\"1080\" srcset=\"http:\/\/www.karate-sochaczew.pl\/wp-content\/uploads\/2020\/07\/piatek-07.08.png 1080w, http:\/\/www.karate-sochaczew.pl\/wp-content\/uploads\/2020\/07\/piatek-07.08-150x150.png 150w, http:\/\/www.karate-sochaczew.pl\/wp-content\/uploads\/2020\/07\/piatek-07.08-300x300.png 300w, http:\/\/www.karate-sochaczew.pl\/wp-content\/uploads\/2020\/07\/piatek-07.08-768x768.png 768w, http:\/\/www.karate-sochaczew.pl\/wp-content\/uploads\/2020\/07\/piatek-07.08-1024x1024.png 1024w\" sizes=\"(max-width: 1080px) 100vw, 1080px\" \/><\/p>\n","protected":false},"excerpt":{"rendered":"<p>II turnus p\u00f3\u0142kolonii Wakacje z Karate 2020 zaczynamy 03 sierpnia 2020r. w S.P. nr 2 Sochaczew ul. 15 sierpnia 44. Zbi\u00f3rka dzieci 8.00 &#8211; 8.30\u00a0 \/ Opiekunowie na pewno b\u0119d\u0105 kilka minut wcze\u015bniej \ud83d\ude42 \/ Odbi\u00f3r dzieci 16.00-16.30\u00a0\/lub po uprzedzeniu nas oczywi\u015bcie odbi\u00f3r mo\u017ce by\u0107 wcze\u015bniej\/ Je\u017celi kto\u015b nie dostarczy\u0142 dokument\u00f3w, prosimy o zabranie ze sob\u0105\u00a0 \/ karta kwalifikacyjna, regulamin<\/p>\n","protected":false},"author":1,"featured_media":0,"comment_status":"closed","ping_status":"closed","sticky":false,"template":"","format":"standard","meta":[],"categories":[1],"tags":[],"_links":{"self":[{"href":"http:\/\/www.karate-sochaczew.pl\/index.php\/wp-json\/wp\/v2\/posts\/1390"}],"collection":[{"href":"http:\/\/www.karate-sochaczew.pl\/index.php\/wp-json\/wp\/v2\/posts"}],"about":[{"href":"http:\/\/www.karate-sochaczew.pl\/index.php\/wp-json\/wp\/v2\/types\/post"}],"author":[{"embeddable":true,"href":"http:\/\/www.karate-sochaczew.pl\/index.php\/wp-json\/wp\/v2\/users\/1"}],"replies":[{"embeddable":true,"href":"http:\/\/www.karate-sochaczew.pl\/index.php\/wp-json\/wp\/v2\/comments?post=1390"}],"version-history":[{"count":5,"href":"http:\/\/www.karate-sochaczew.pl\/index.php\/wp-json\/wp\/v2\/posts\/1390\/revisions"}],"predecessor-version":[{"id":1410,"href":"http:\/\/www.karate-sochaczew.pl\/index.php\/wp-json\/wp\/v2\/posts\/1390\/revisions\/1410"}],"wp:attachment":[{"href":"http:\/\/www.karate-sochaczew.pl\/index.php\/wp-json\/wp\/v2\/media?parent=1390"}],"wp:term":[{"taxonomy":"category","embeddable":true,"href":"http:\/\/www.karate-sochaczew.pl\/index.php\/wp-json\/wp\/v2\/categories?post=1390"},{"taxonomy":"post_tag","embeddable":true,"href":"http:\/\/www.karate-sochaczew.pl\/index.php\/wp-json\/wp\/v2\/tags?post=1390"}],"curies":[{"name":"wp","href":"https:\/\/api.w.org\/{rel}","templated":true}]}}