{"id":1425,"date":"2020-09-16T10:33:16","date_gmt":"2020-09-16T08:33:16","guid":{"rendered":"http:\/\/www.karate-sochaczew.pl\/?p=1425"},"modified":"2020-09-16T10:33:16","modified_gmt":"2020-09-16T08:33:16","slug":"karatecy-z-sochaczewa-z-sukcesami-na-pucharze-polski-w-lublinie","status":"publish","type":"post","link":"http:\/\/www.karate-sochaczew.pl\/index.php\/2020\/09\/16\/karatecy-z-sochaczewa-z-sukcesami-na-pucharze-polski-w-lublinie\/","title":{"rendered":"Karatecy z Sochaczewa z sukcesami na Pucharze Polski w Lublinie!!"},"content":{"rendered":"<p>Wracamy z Pucharu<span class=\"_5mfr\"><span class=\"_6qdm\">?<\/span><\/span>\u00a0Polski z Lublina z 6 medalami i co najwa\u017cniejsze z ogromnym baga\u017cem do\u015bwiadczenia<span class=\"_5mfr\"><span class=\"_6qdm\">?<\/span><\/span><span class=\"_5mfr\"><span class=\"_6qdm\">?<\/span><\/span>. Wszyscy nasi Zawodnicy jak zawsze dali z siebie wszystko. Dzi\u0119kujemy za poprowadzenie naszego teamu Sensei \u0141ukaszowi Klimczewskiemu. Ale sukces\u00f3w by niebylo gdyby nie wsparcie naszych Przyjaci\u00f3\u0142 z KK Pruszk\u00f3w. Dzi\u0119kujemy Pani Anecie Sensei Jerzemu i Sensei Damianowi. Dzi\u0119kujemy Rodzicom za zaanga\u017cowanie i zaufanie. Dok\u0142adniejsze podsumowanie zamie\u015bcimy wkr\u00f3tce. Oss<\/p>\n<p><img decoding=\"async\" loading=\"lazy\" class=\"aligncenter size-full wp-image-1426\" src=\"http:\/\/www.karate-sochaczew.pl\/wp-content\/uploads\/2020\/09\/fota-wspolna.jpg\" alt=\"fota wspolna\" width=\"960\" height=\"720\" srcset=\"http:\/\/www.karate-sochaczew.pl\/wp-content\/uploads\/2020\/09\/fota-wspolna.jpg 960w, http:\/\/www.karate-sochaczew.pl\/wp-content\/uploads\/2020\/09\/fota-wspolna-300x225.jpg 300w, http:\/\/www.karate-sochaczew.pl\/wp-content\/uploads\/2020\/09\/fota-wspolna-768x576.jpg 768w\" sizes=\"(max-width: 960px) 100vw, 960px\" \/><\/p>\n","protected":false},"excerpt":{"rendered":"<p>Wracamy z Pucharu?\u00a0Polski z Lublina z 6 medalami i co najwa\u017cniejsze z ogromnym baga\u017cem do\u015bwiadczenia??. Wszyscy nasi Zawodnicy jak zawsze dali z siebie wszystko. Dzi\u0119kujemy za poprowadzenie naszego teamu Sensei \u0141ukaszowi Klimczewskiemu. Ale sukces\u00f3w by niebylo gdyby nie wsparcie naszych Przyjaci\u00f3\u0142 z KK Pruszk\u00f3w. Dzi\u0119kujemy Pani Anecie Sensei Jerzemu i Sensei Damianowi. Dzi\u0119kujemy Rodzicom za zaanga\u017cowanie i zaufanie. Dok\u0142adniejsze podsumowanie<\/p>\n","protected":false},"author":1,"featured_media":0,"comment_status":"closed","ping_status":"closed","sticky":false,"template":"","format":"standard","meta":[],"categories":[1],"tags":[],"_links":{"self":[{"href":"http:\/\/www.karate-sochaczew.pl\/index.php\/wp-json\/wp\/v2\/posts\/1425"}],"collection":[{"href":"http:\/\/www.karate-sochaczew.pl\/index.php\/wp-json\/wp\/v2\/posts"}],"about":[{"href":"http:\/\/www.karate-sochaczew.pl\/index.php\/wp-json\/wp\/v2\/types\/post"}],"author":[{"embeddable":true,"href":"http:\/\/www.karate-sochaczew.pl\/index.php\/wp-json\/wp\/v2\/users\/1"}],"replies":[{"embeddable":true,"href":"http:\/\/www.karate-sochaczew.pl\/index.php\/wp-json\/wp\/v2\/comments?post=1425"}],"version-history":[{"count":1,"href":"http:\/\/www.karate-sochaczew.pl\/index.php\/wp-json\/wp\/v2\/posts\/1425\/revisions"}],"predecessor-version":[{"id":1427,"href":"http:\/\/www.karate-sochaczew.pl\/index.php\/wp-json\/wp\/v2\/posts\/1425\/revisions\/1427"}],"wp:attachment":[{"href":"http:\/\/www.karate-sochaczew.pl\/index.php\/wp-json\/wp\/v2\/media?parent=1425"}],"wp:term":[{"taxonomy":"category","embeddable":true,"href":"http:\/\/www.karate-sochaczew.pl\/index.php\/wp-json\/wp\/v2\/categories?post=1425"},{"taxonomy":"post_tag","embeddable":true,"href":"http:\/\/www.karate-sochaczew.pl\/index.php\/wp-json\/wp\/v2\/tags?post=1425"}],"curies":[{"name":"wp","href":"https:\/\/api.w.org\/{rel}","templated":true}]}}