{"id":1428,"date":"2020-09-16T10:34:37","date_gmt":"2020-09-16T08:34:37","guid":{"rendered":"http:\/\/www.karate-sochaczew.pl\/?p=1428"},"modified":"2020-09-16T10:34:37","modified_gmt":"2020-09-16T08:34:37","slug":"przedszkolak-tez-moze-zostac-karateka","status":"publish","type":"post","link":"http:\/\/www.karate-sochaczew.pl\/index.php\/2020\/09\/16\/przedszkolak-tez-moze-zostac-karateka\/","title":{"rendered":"Przedszkolak te\u017c mo\u017ce zosta\u0107 Karatek\u0105 :)"},"content":{"rendered":"<p><span class=\"_5mfr\"><span class=\"_6qdm\">\u26a0\ufe0f<\/span><\/span>UWAGA<span class=\"_5mfr\"><span class=\"_6qdm\">\u26a0\ufe0f<\/span><\/span>\u00a0Zapraszamy najm\u0142odszych na treningi KARATE<span class=\"_5mfr\"><span class=\"_6qdm\">?<\/span><\/span><span class=\"_5mfr\"><span class=\"_6qdm\">?<\/span><\/span><span class=\"_5mfr\"><span class=\"_6qdm\">\u203c\ufe0f<\/span><\/span>\u00a0Grupa Przedszkolna \/ Dzieci w wieku 4-6 lat \/ rusza w najbli\u017cszy Pi\u0105tek 18 wrze\u015bnia w S.P. nr 6 Sochaczew od g. 18.00 do 18.40. Treningi odbywa\u0107 si\u0119 b\u0119d\u0105 w ka\u017cdy Pi\u0105tek we wspomnianych wcze\u015bniej godzinach. Szczeg\u00f3\u0142y pod nr tel 608 661 245. Zapraszamy na zaj\u0119cia dostosowane dla Przedszkolak\u00f3w<span class=\"_5mfr\"><span class=\"_6qdm\">?<\/span><\/span><span class=\"_5mfr\"><span class=\"_6qdm\">?<\/span><\/span><span class=\"_5mfr\"><span class=\"_6qdm\">?<\/span><\/span><\/p>\n<p><img decoding=\"async\" loading=\"lazy\" class=\"aligncenter size-full wp-image-1429\" src=\"http:\/\/www.karate-sochaczew.pl\/wp-content\/uploads\/2020\/09\/Karate-dla-Przedszkolak\u00f3w.jpg\" alt=\"Karate dla Przedszkolak\u00f3w\" width=\"940\" height=\"788\" srcset=\"http:\/\/www.karate-sochaczew.pl\/wp-content\/uploads\/2020\/09\/Karate-dla-Przedszkolak\u00f3w.jpg 940w, http:\/\/www.karate-sochaczew.pl\/wp-content\/uploads\/2020\/09\/Karate-dla-Przedszkolak\u00f3w-300x251.jpg 300w, http:\/\/www.karate-sochaczew.pl\/wp-content\/uploads\/2020\/09\/Karate-dla-Przedszkolak\u00f3w-768x644.jpg 768w\" sizes=\"(max-width: 940px) 100vw, 940px\" \/><\/p>\n","protected":false},"excerpt":{"rendered":"<p>\u26a0\ufe0fUWAGA\u26a0\ufe0f\u00a0Zapraszamy najm\u0142odszych na treningi KARATE??\u203c\ufe0f\u00a0Grupa Przedszkolna \/ Dzieci w wieku 4-6 lat \/ rusza w najbli\u017cszy Pi\u0105tek 18 wrze\u015bnia w S.P. nr 6 Sochaczew od g. 18.00 do 18.40. Treningi odbywa\u0107 si\u0119 b\u0119d\u0105 w ka\u017cdy Pi\u0105tek we wspomnianych wcze\u015bniej godzinach. Szczeg\u00f3\u0142y pod nr tel 608 661 245. Zapraszamy na zaj\u0119cia dostosowane dla Przedszkolak\u00f3w???<\/p>\n","protected":false},"author":1,"featured_media":0,"comment_status":"closed","ping_status":"closed","sticky":false,"template":"","format":"standard","meta":[],"categories":[1],"tags":[],"_links":{"self":[{"href":"http:\/\/www.karate-sochaczew.pl\/index.php\/wp-json\/wp\/v2\/posts\/1428"}],"collection":[{"href":"http:\/\/www.karate-sochaczew.pl\/index.php\/wp-json\/wp\/v2\/posts"}],"about":[{"href":"http:\/\/www.karate-sochaczew.pl\/index.php\/wp-json\/wp\/v2\/types\/post"}],"author":[{"embeddable":true,"href":"http:\/\/www.karate-sochaczew.pl\/index.php\/wp-json\/wp\/v2\/users\/1"}],"replies":[{"embeddable":true,"href":"http:\/\/www.karate-sochaczew.pl\/index.php\/wp-json\/wp\/v2\/comments?post=1428"}],"version-history":[{"count":1,"href":"http:\/\/www.karate-sochaczew.pl\/index.php\/wp-json\/wp\/v2\/posts\/1428\/revisions"}],"predecessor-version":[{"id":1430,"href":"http:\/\/www.karate-sochaczew.pl\/index.php\/wp-json\/wp\/v2\/posts\/1428\/revisions\/1430"}],"wp:attachment":[{"href":"http:\/\/www.karate-sochaczew.pl\/index.php\/wp-json\/wp\/v2\/media?parent=1428"}],"wp:term":[{"taxonomy":"category","embeddable":true,"href":"http:\/\/www.karate-sochaczew.pl\/index.php\/wp-json\/wp\/v2\/categories?post=1428"},{"taxonomy":"post_tag","embeddable":true,"href":"http:\/\/www.karate-sochaczew.pl\/index.php\/wp-json\/wp\/v2\/tags?post=1428"}],"curies":[{"name":"wp","href":"https:\/\/api.w.org\/{rel}","templated":true}]}}