{"id":1431,"date":"2020-09-16T10:35:38","date_gmt":"2020-09-16T08:35:38","guid":{"rendered":"http:\/\/www.karate-sochaczew.pl\/?p=1431"},"modified":"2020-09-16T10:35:38","modified_gmt":"2020-09-16T08:35:38","slug":"rozpoczynamy-zajecia-w-s-p-nr-1-w-sochaczewie","status":"publish","type":"post","link":"http:\/\/www.karate-sochaczew.pl\/index.php\/2020\/09\/16\/rozpoczynamy-zajecia-w-s-p-nr-1-w-sochaczewie\/","title":{"rendered":"Rozpoczynamy zaj\u0119cia w S.P. nr 1 w Sochaczewie"},"content":{"rendered":"<p><span class=\"_5mfr\"><span class=\"_6qdm\">\u26a0\ufe0f<\/span><\/span>UWAGA<span class=\"_5mfr\"><span class=\"_6qdm\">\u26a0\ufe0f<\/span><\/span>Rusza Grupa Karate w Szkole Podstwowej nr 1 w Sochaczewie<span class=\"_5mfr\"><span class=\"_6qdm\">\u203c\ufe0f<\/span><\/span>\u00a0Startujemy 17 wrze\u015bnia. Grupa przeznaczona jest dla pocz\u0105tkuj\u0105cych, oraz bia\u0142ych i \u017c\u00f3\u0142tych pas\u00f3w. Treningi odbywa\u0107 si\u0119 b\u0119d\u0105 we wtorki i czwartki w godzinach 16.00 &#8211; 16.50. Zapraszamy<span class=\"_5mfr\"><span class=\"_6qdm\">?<\/span><\/span><span class=\"_5mfr\"><span class=\"_6qdm\">?<\/span><\/span><\/p>\n<p><img decoding=\"async\" loading=\"lazy\" class=\"aligncenter size-full wp-image-1432\" src=\"http:\/\/www.karate-sochaczew.pl\/wp-content\/uploads\/2020\/09\/Zapraszamy-do-sp-nr-1-Sochaczew.jpg\" alt=\"Zapraszamy do sp nr 1 Sochaczew\" width=\"940\" height=\"788\" srcset=\"http:\/\/www.karate-sochaczew.pl\/wp-content\/uploads\/2020\/09\/Zapraszamy-do-sp-nr-1-Sochaczew.jpg 940w, http:\/\/www.karate-sochaczew.pl\/wp-content\/uploads\/2020\/09\/Zapraszamy-do-sp-nr-1-Sochaczew-300x251.jpg 300w, http:\/\/www.karate-sochaczew.pl\/wp-content\/uploads\/2020\/09\/Zapraszamy-do-sp-nr-1-Sochaczew-768x644.jpg 768w\" sizes=\"(max-width: 940px) 100vw, 940px\" \/><\/p>\n","protected":false},"excerpt":{"rendered":"<p>\u26a0\ufe0fUWAGA\u26a0\ufe0fRusza Grupa Karate w Szkole Podstwowej nr 1 w Sochaczewie\u203c\ufe0f\u00a0Startujemy 17 wrze\u015bnia. Grupa przeznaczona jest dla pocz\u0105tkuj\u0105cych, oraz bia\u0142ych i \u017c\u00f3\u0142tych pas\u00f3w. Treningi odbywa\u0107 si\u0119 b\u0119d\u0105 we wtorki i czwartki w godzinach 16.00 &#8211; 16.50. Zapraszamy??<\/p>\n","protected":false},"author":1,"featured_media":0,"comment_status":"closed","ping_status":"closed","sticky":false,"template":"","format":"standard","meta":[],"categories":[1],"tags":[],"_links":{"self":[{"href":"http:\/\/www.karate-sochaczew.pl\/index.php\/wp-json\/wp\/v2\/posts\/1431"}],"collection":[{"href":"http:\/\/www.karate-sochaczew.pl\/index.php\/wp-json\/wp\/v2\/posts"}],"about":[{"href":"http:\/\/www.karate-sochaczew.pl\/index.php\/wp-json\/wp\/v2\/types\/post"}],"author":[{"embeddable":true,"href":"http:\/\/www.karate-sochaczew.pl\/index.php\/wp-json\/wp\/v2\/users\/1"}],"replies":[{"embeddable":true,"href":"http:\/\/www.karate-sochaczew.pl\/index.php\/wp-json\/wp\/v2\/comments?post=1431"}],"version-history":[{"count":1,"href":"http:\/\/www.karate-sochaczew.pl\/index.php\/wp-json\/wp\/v2\/posts\/1431\/revisions"}],"predecessor-version":[{"id":1433,"href":"http:\/\/www.karate-sochaczew.pl\/index.php\/wp-json\/wp\/v2\/posts\/1431\/revisions\/1433"}],"wp:attachment":[{"href":"http:\/\/www.karate-sochaczew.pl\/index.php\/wp-json\/wp\/v2\/media?parent=1431"}],"wp:term":[{"taxonomy":"category","embeddable":true,"href":"http:\/\/www.karate-sochaczew.pl\/index.php\/wp-json\/wp\/v2\/categories?post=1431"},{"taxonomy":"post_tag","embeddable":true,"href":"http:\/\/www.karate-sochaczew.pl\/index.php\/wp-json\/wp\/v2\/tags?post=1431"}],"curies":[{"name":"wp","href":"https:\/\/api.w.org\/{rel}","templated":true}]}}