{"id":1435,"date":"2020-09-17T09:34:15","date_gmt":"2020-09-17T07:34:15","guid":{"rendered":"http:\/\/www.karate-sochaczew.pl\/?p=1435"},"modified":"2020-09-17T09:35:22","modified_gmt":"2020-09-17T07:35:22","slug":"zapisy-na-zawody-zapraszamy","status":"publish","type":"post","link":"http:\/\/www.karate-sochaczew.pl\/index.php\/2020\/09\/17\/zapisy-na-zawody-zapraszamy\/","title":{"rendered":"Zapisy na Zawody! Zapraszamy"},"content":{"rendered":"<p><span class=\"_5mfr\"><span class=\"_6qdm\">\u26a0\ufe0f<\/span><\/span>ZAWODY<span class=\"_5mfr\"><span class=\"_6qdm\">\u26a0\ufe0f<\/span><\/span><br \/>\n<span class=\"_5mfr\"><span class=\"_6qdm\">?<\/span><\/span>Mistrzostwa Wojew\u00f3dztwa Mazowieckiego\u00a0<span class=\"_5mfr\"><span class=\"_6qdm\">2\ufe0f\u20e3<\/span><\/span><span class=\"_5mfr\"><span class=\"_6qdm\">6\ufe0f\u20e3<\/span><\/span>\u00a0wrze\u015bnia Pruszk\u00f3w S.P. nr 4 &#8211; Startowa\u0107 mog\u0105 wszyscy Karatecy \/ startowe 50 z\u0142. \/ start godz 10.00<br \/>\n<span class=\"_5mfr\"><span class=\"_6qdm\">?<\/span><\/span>Mi\u0119dzywojew\u00f3dzkie Mistrzostwa M\u0142odzik\u00f3w\u00a0<span class=\"_5mfr\"><span class=\"_6qdm\">2\ufe0f\u20e3<\/span><\/span><span class=\"_5mfr\"><span class=\"_6qdm\">7\ufe0f\u20e3<\/span><\/span>\u00a0wrzesnia P\u0142ock ul. Korczaka 10 \/ startuj\u0105 tylko roczniki 2008 i 2007 &#8211; zawodnicy nie ponosz\u0105 op\u0142at startowych. Start godz. 12.00<br \/>\n<span class=\"_5mfr\"><span class=\"_6qdm\">\u26a0\ufe0f<\/span><\/span>\u00a0Zapisy u Instruktora do 20.09.2020r.<\/p>\n<p><img decoding=\"async\" loading=\"lazy\" class=\"aligncenter size-full wp-image-1436\" src=\"http:\/\/www.karate-sochaczew.pl\/wp-content\/uploads\/2020\/09\/mwm.jpg\" alt=\"mwm\" width=\"960\" height=\"365\" srcset=\"http:\/\/www.karate-sochaczew.pl\/wp-content\/uploads\/2020\/09\/mwm.jpg 960w, http:\/\/www.karate-sochaczew.pl\/wp-content\/uploads\/2020\/09\/mwm-300x114.jpg 300w, http:\/\/www.karate-sochaczew.pl\/wp-content\/uploads\/2020\/09\/mwm-768x292.jpg 768w\" sizes=\"(max-width: 960px) 100vw, 960px\" \/><\/p>\n","protected":false},"excerpt":{"rendered":"<p>\u26a0\ufe0fZAWODY\u26a0\ufe0f ?Mistrzostwa Wojew\u00f3dztwa Mazowieckiego\u00a02\ufe0f\u20e36\ufe0f\u20e3\u00a0wrze\u015bnia Pruszk\u00f3w S.P. nr 4 &#8211; Startowa\u0107 mog\u0105 wszyscy Karatecy \/ startowe 50 z\u0142. \/ start godz 10.00 ?Mi\u0119dzywojew\u00f3dzkie Mistrzostwa M\u0142odzik\u00f3w\u00a02\ufe0f\u20e37\ufe0f\u20e3\u00a0wrzesnia P\u0142ock ul. Korczaka 10 \/ startuj\u0105 tylko roczniki 2008 i 2007 &#8211; zawodnicy nie ponosz\u0105 op\u0142at startowych. Start godz. 12.00 \u26a0\ufe0f\u00a0Zapisy u Instruktora do 20.09.2020r.<\/p>\n","protected":false},"author":1,"featured_media":0,"comment_status":"closed","ping_status":"closed","sticky":false,"template":"","format":"standard","meta":[],"categories":[1],"tags":[],"_links":{"self":[{"href":"http:\/\/www.karate-sochaczew.pl\/index.php\/wp-json\/wp\/v2\/posts\/1435"}],"collection":[{"href":"http:\/\/www.karate-sochaczew.pl\/index.php\/wp-json\/wp\/v2\/posts"}],"about":[{"href":"http:\/\/www.karate-sochaczew.pl\/index.php\/wp-json\/wp\/v2\/types\/post"}],"author":[{"embeddable":true,"href":"http:\/\/www.karate-sochaczew.pl\/index.php\/wp-json\/wp\/v2\/users\/1"}],"replies":[{"embeddable":true,"href":"http:\/\/www.karate-sochaczew.pl\/index.php\/wp-json\/wp\/v2\/comments?post=1435"}],"version-history":[{"count":3,"href":"http:\/\/www.karate-sochaczew.pl\/index.php\/wp-json\/wp\/v2\/posts\/1435\/revisions"}],"predecessor-version":[{"id":1439,"href":"http:\/\/www.karate-sochaczew.pl\/index.php\/wp-json\/wp\/v2\/posts\/1435\/revisions\/1439"}],"wp:attachment":[{"href":"http:\/\/www.karate-sochaczew.pl\/index.php\/wp-json\/wp\/v2\/media?parent=1435"}],"wp:term":[{"taxonomy":"category","embeddable":true,"href":"http:\/\/www.karate-sochaczew.pl\/index.php\/wp-json\/wp\/v2\/categories?post=1435"},{"taxonomy":"post_tag","embeddable":true,"href":"http:\/\/www.karate-sochaczew.pl\/index.php\/wp-json\/wp\/v2\/tags?post=1435"}],"curies":[{"name":"wp","href":"https:\/\/api.w.org\/{rel}","templated":true}]}}