{"id":1454,"date":"2020-10-26T13:45:57","date_gmt":"2020-10-26T12:45:57","guid":{"rendered":"http:\/\/www.karate-sochaczew.pl\/?p=1454"},"modified":"2020-10-26T15:25:58","modified_gmt":"2020-10-26T14:25:58","slug":"komunikat-dla-sekcji-sp-nr-6-sochaczew","status":"publish","type":"post","link":"http:\/\/www.karate-sochaczew.pl\/index.php\/2020\/10\/26\/komunikat-dla-sekcji-sp-nr-6-sochaczew\/","title":{"rendered":"Komunikat dla sekcji SP nr 6 Sochaczew."},"content":{"rendered":"<p>Szanowni Pa\u0144stwo 26 pa\u017adziernika dostali\u015bmy informacj\u0119 ze Szko\u0142y Podtswowej nr 6 w Sochaczewie, i\u017c w tym tygodniu \/ tj. 26.10-30.10 \/ zawieszone s\u0105 wszelkie zaj\u0119cia pozaszkolne w tym r\u00f3wnie\u017c treningi Karate.<\/p>\n<p>Zapraszamy do odrobienia w miar\u0119 Pa\u0144stwa mo\u017cliwo\u015bci trening\u00f3w na innych sekcjach. Zaj\u0119cia prowadzi ten sam Instruktor \ud83d\ude42<\/p>\n<p>Szko\u0142a Podstawowa nr 1 w Sochaczewie &#8211; Wtorki i Czwartki <strong>16.15 do 17.05\u00a0\u00a0<\/strong><\/p>\n<p>Szko\u0142a Podstawowa nr 2 w Sochaczewie &#8211; Wtorki i Czwartki <strong>18.20 &#8211; 19.10\u00a0<\/strong><\/p>\n<p>Szko\u0142a Podstawowa w Brochowie &#8211; Poniedzia\u0142ki <strong>19.10 &#8211; 20.00<\/strong> i \u015arody <strong>19.00-20.50\u00a0<\/strong><\/p>\n<p>..Oss<img decoding=\"async\" loading=\"lazy\" class=\"aligncenter size-full wp-image-1452\" src=\"http:\/\/www.karate-sochaczew.pl\/wp-content\/uploads\/2020\/10\/sp6.jpg\" alt=\"sp6\" width=\"486\" height=\"512\" srcset=\"http:\/\/www.karate-sochaczew.pl\/wp-content\/uploads\/2020\/10\/sp6.jpg 486w, http:\/\/www.karate-sochaczew.pl\/wp-content\/uploads\/2020\/10\/sp6-285x300.jpg 285w\" sizes=\"(max-width: 486px) 100vw, 486px\" \/><\/p>\n<p>&nbsp;<\/p>\n<p>&nbsp;<\/p>\n","protected":false},"excerpt":{"rendered":"<p>Szanowni Pa\u0144stwo 26 pa\u017adziernika dostali\u015bmy informacj\u0119 ze Szko\u0142y Podtswowej nr 6 w Sochaczewie, i\u017c w tym tygodniu \/ tj. 26.10-30.10 \/ zawieszone s\u0105 wszelkie zaj\u0119cia pozaszkolne w tym r\u00f3wnie\u017c treningi Karate. Zapraszamy do odrobienia w miar\u0119 Pa\u0144stwa mo\u017cliwo\u015bci trening\u00f3w na innych sekcjach. Zaj\u0119cia prowadzi ten sam Instruktor \ud83d\ude42 Szko\u0142a Podstawowa nr 1 w Sochaczewie &#8211; Wtorki i Czwartki 16.15 do<\/p>\n","protected":false},"author":1,"featured_media":0,"comment_status":"closed","ping_status":"closed","sticky":false,"template":"","format":"standard","meta":[],"categories":[1],"tags":[],"_links":{"self":[{"href":"http:\/\/www.karate-sochaczew.pl\/index.php\/wp-json\/wp\/v2\/posts\/1454"}],"collection":[{"href":"http:\/\/www.karate-sochaczew.pl\/index.php\/wp-json\/wp\/v2\/posts"}],"about":[{"href":"http:\/\/www.karate-sochaczew.pl\/index.php\/wp-json\/wp\/v2\/types\/post"}],"author":[{"embeddable":true,"href":"http:\/\/www.karate-sochaczew.pl\/index.php\/wp-json\/wp\/v2\/users\/1"}],"replies":[{"embeddable":true,"href":"http:\/\/www.karate-sochaczew.pl\/index.php\/wp-json\/wp\/v2\/comments?post=1454"}],"version-history":[{"count":4,"href":"http:\/\/www.karate-sochaczew.pl\/index.php\/wp-json\/wp\/v2\/posts\/1454\/revisions"}],"predecessor-version":[{"id":1458,"href":"http:\/\/www.karate-sochaczew.pl\/index.php\/wp-json\/wp\/v2\/posts\/1454\/revisions\/1458"}],"wp:attachment":[{"href":"http:\/\/www.karate-sochaczew.pl\/index.php\/wp-json\/wp\/v2\/media?parent=1454"}],"wp:term":[{"taxonomy":"category","embeddable":true,"href":"http:\/\/www.karate-sochaczew.pl\/index.php\/wp-json\/wp\/v2\/categories?post=1454"},{"taxonomy":"post_tag","embeddable":true,"href":"http:\/\/www.karate-sochaczew.pl\/index.php\/wp-json\/wp\/v2\/tags?post=1454"}],"curies":[{"name":"wp","href":"https:\/\/api.w.org\/{rel}","templated":true}]}}