{"id":1460,"date":"2020-11-09T13:35:03","date_gmt":"2020-11-09T12:35:03","guid":{"rendered":"http:\/\/www.karate-sochaczew.pl\/?p=1460"},"modified":"2020-11-09T13:35:03","modified_gmt":"2020-11-09T12:35:03","slug":"treningi-w-dniach-9-11-13-11-2020","status":"publish","type":"post","link":"http:\/\/www.karate-sochaczew.pl\/index.php\/2020\/11\/09\/treningi-w-dniach-9-11-13-11-2020\/","title":{"rendered":"Treningi w dniach 9.11-13.11.2020"},"content":{"rendered":"<p><span style=\"text-decoration: underline;\"><strong>Poni\u017cej przedstawiamy Grafik zaj\u0119\u0107 w najbli\u017cszym tygodniu.<\/strong><\/span><\/p>\n<p><strong><span style=\"color: #0000ff;\">9.11.2020 &#8211; Poniedzia\u0142ek<\/span><\/strong><\/p>\n<p><span style=\"text-decoration: underline;\">Szko\u0142a Podstawowa w Brochowie \/ wej\u015bcie na hal\u0119 od strony boiska \/<\/span><\/p>\n<p>godz. 19.10 &#8211; 20.00 &#8211; Pocz\u0105tkuj\u0105cy i bia\u0142e pasy<\/p>\n<p>godz. 20.00-20.50 &#8211; Trening dla \u017c\u00f3\u0142tych, pomara\u0144czowych, zielonych i niebieskich pas\u00f3w<\/p>\n<p><strong><span style=\"color: #0000ff;\">10.11.2020 &#8211; Wtorek<\/span><\/strong><\/p>\n<p><span style=\"text-decoration: underline;\">Szko\u0142a Podstawowa nr 1 w Sochaczewie\u00a0<\/span><\/p>\n<p>godz. 16.15 &#8211; 17.05 &#8211; Pocz\u0105tkuj\u0105cy, bia\u0142e i \u017c\u00f3\u0142te pasy<\/p>\n<p><span style=\"text-decoration: underline;\">Szko\u0142a Podstawowa nr 6 w Sochaczewie\u00a0<\/span><\/p>\n<p>godz. 17.20 &#8211; 18.05 &#8211; Pocz\u0105tkuj\u0105cy, bia\u0142e i \u017c\u00f3\u0142te pasy<\/p>\n<p><span style=\"text-decoration: underline;\">Szko\u0142a Podstawowa nr 2 w Sochaczewie\u00a0<\/span><\/p>\n<p>godz. 18.20 &#8211; 19.10 &#8211; Pocz\u0105tkuj\u0105cy oraz starsze stopnie \/ wyj\u0105tkowo grupa po\u0142\u0105czona \/<\/p>\n<p>godz. 19.10-20.10 &#8211; Grupa dla doros\u0142ych<\/p>\n<p><strong><span style=\"text-decoration: underline;\"><span style=\"color: #ff0000; text-decoration: underline;\">11.11.2020 &#8211; \u015awi\u0119to niepod\u0142eg\u0142o\u015bci &#8211; zaj\u0119cia odwo\u0142ane<\/span><\/span><\/strong><\/p>\n<p><strong><span style=\"color: #0000ff;\">12.11.2020 &#8211; czwartek<\/span><\/strong><\/p>\n<p><span style=\"text-decoration: underline;\">Szko\u0142a Podstawowa nr 1 w Sochaczewie\u00a0<\/span><\/p>\n<p>godz. 16.15 &#8211; 17.05 &#8211; Pocz\u0105tkuj\u0105cy, bia\u0142e i \u017c\u00f3\u0142te pasy<\/p>\n<p><span style=\"text-decoration: underline;\">Szko\u0142a Podstawowa nr 6 w Sochaczewie\u00a0<\/span><\/p>\n<p>godz. 17.20 &#8211; 18.05 &#8211; Pocz\u0105tkuj\u0105cy, bia\u0142e i \u017c\u00f3\u0142te pasy<\/p>\n<p><span style=\"text-decoration: underline;\">Szko\u0142a Podstawowa nr 2 w Sochaczewie\u00a0<\/span><\/p>\n<p>godz. 18.20 &#8211; 19.10 &#8211; Pocz\u0105tkuj\u0105cy oraz starsze stopnie \/ wyj\u0105tkowo grupa po\u0142\u0105czona \/<\/p>\n<p>godz. 19.10-20.10 &#8211; Grupa dla doros\u0142ych<\/p>\n<p><strong><span style=\"color: #0000ff;\">13.11.2020 &#8211; pi\u0105tek<\/span><\/strong><\/p>\n<p><span style=\"text-decoration: underline;\">Szko\u0142a Podstawowa nr 6 w Sochaczewie\u00a0<\/span><\/p>\n<p>godz. 18.00-18.40 &#8211; Grupa Przedszkolna<\/p>\n<p><span style=\"text-decoration: underline;\">Miejski O\u015brodek Sportu i Rekreacji ul. Chopina 101 Sochaczew<\/span><\/p>\n<p>godz. 19.00 &#8211; 19.30 &#8211; Pasy \u017c\u00f3\u0142te, pomara\u0144czowe, zielone i niebieskie<\/p>\n<p>W razie pyta\u0144 dotycz\u0105cych poszczeg\u00f3lnych sekcji prosz\u0119 o telefon 608 661 245. Oss<\/p>\n","protected":false},"excerpt":{"rendered":"<p>Poni\u017cej przedstawiamy Grafik zaj\u0119\u0107 w najbli\u017cszym tygodniu. 9.11.2020 &#8211; Poniedzia\u0142ek Szko\u0142a Podstawowa w Brochowie \/ wej\u015bcie na hal\u0119 od strony boiska \/ godz. 19.10 &#8211; 20.00 &#8211; Pocz\u0105tkuj\u0105cy i bia\u0142e pasy godz. 20.00-20.50 &#8211; Trening dla \u017c\u00f3\u0142tych, pomara\u0144czowych, zielonych i niebieskich pas\u00f3w 10.11.2020 &#8211; Wtorek Szko\u0142a Podstawowa nr 1 w Sochaczewie\u00a0 godz. 16.15 &#8211; 17.05 &#8211; Pocz\u0105tkuj\u0105cy, bia\u0142e i \u017c\u00f3\u0142te<\/p>\n","protected":false},"author":1,"featured_media":0,"comment_status":"closed","ping_status":"closed","sticky":false,"template":"","format":"standard","meta":[],"categories":[1],"tags":[],"_links":{"self":[{"href":"http:\/\/www.karate-sochaczew.pl\/index.php\/wp-json\/wp\/v2\/posts\/1460"}],"collection":[{"href":"http:\/\/www.karate-sochaczew.pl\/index.php\/wp-json\/wp\/v2\/posts"}],"about":[{"href":"http:\/\/www.karate-sochaczew.pl\/index.php\/wp-json\/wp\/v2\/types\/post"}],"author":[{"embeddable":true,"href":"http:\/\/www.karate-sochaczew.pl\/index.php\/wp-json\/wp\/v2\/users\/1"}],"replies":[{"embeddable":true,"href":"http:\/\/www.karate-sochaczew.pl\/index.php\/wp-json\/wp\/v2\/comments?post=1460"}],"version-history":[{"count":1,"href":"http:\/\/www.karate-sochaczew.pl\/index.php\/wp-json\/wp\/v2\/posts\/1460\/revisions"}],"predecessor-version":[{"id":1461,"href":"http:\/\/www.karate-sochaczew.pl\/index.php\/wp-json\/wp\/v2\/posts\/1460\/revisions\/1461"}],"wp:attachment":[{"href":"http:\/\/www.karate-sochaczew.pl\/index.php\/wp-json\/wp\/v2\/media?parent=1460"}],"wp:term":[{"taxonomy":"category","embeddable":true,"href":"http:\/\/www.karate-sochaczew.pl\/index.php\/wp-json\/wp\/v2\/categories?post=1460"},{"taxonomy":"post_tag","embeddable":true,"href":"http:\/\/www.karate-sochaczew.pl\/index.php\/wp-json\/wp\/v2\/tags?post=1460"}],"curies":[{"name":"wp","href":"https:\/\/api.w.org\/{rel}","templated":true}]}}