{"id":1462,"date":"2020-11-13T10:15:58","date_gmt":"2020-11-13T09:15:58","guid":{"rendered":"http:\/\/www.karate-sochaczew.pl\/?p=1462"},"modified":"2020-11-13T10:15:58","modified_gmt":"2020-11-13T09:15:58","slug":"kolejny-trening-juz-14-listopada-godz-12-00-sp-brochow","status":"publish","type":"post","link":"http:\/\/www.karate-sochaczew.pl\/index.php\/2020\/11\/13\/kolejny-trening-juz-14-listopada-godz-12-00-sp-brochow\/","title":{"rendered":"Kolejny trening ju\u017c 14 listopada godz. 12.00 SP Broch\u00f3w"},"content":{"rendered":"<p>Zapraszamy ca\u0142e rodziny do udzia\u0142u w zaj\u0119ciach.<\/p>\n<p><img decoding=\"async\" loading=\"lazy\" class=\"aligncenter size-full wp-image-1463\" src=\"http:\/\/www.karate-sochaczew.pl\/wp-content\/uploads\/2020\/11\/rodzina-pro-activ.jpg\" alt=\"rodzina pro activ\" width=\"1448\" height=\"965\" srcset=\"http:\/\/www.karate-sochaczew.pl\/wp-content\/uploads\/2020\/11\/rodzina-pro-activ.jpg 1448w, http:\/\/www.karate-sochaczew.pl\/wp-content\/uploads\/2020\/11\/rodzina-pro-activ-300x200.jpg 300w, http:\/\/www.karate-sochaczew.pl\/wp-content\/uploads\/2020\/11\/rodzina-pro-activ-768x512.jpg 768w, http:\/\/www.karate-sochaczew.pl\/wp-content\/uploads\/2020\/11\/rodzina-pro-activ-1024x682.jpg 1024w\" sizes=\"(max-width: 1448px) 100vw, 1448px\" \/><\/p>\n","protected":false},"excerpt":{"rendered":"<p>Zapraszamy ca\u0142e rodziny do udzia\u0142u w zaj\u0119ciach.<\/p>\n","protected":false},"author":1,"featured_media":0,"comment_status":"closed","ping_status":"closed","sticky":false,"template":"","format":"standard","meta":[],"categories":[1],"tags":[],"_links":{"self":[{"href":"http:\/\/www.karate-sochaczew.pl\/index.php\/wp-json\/wp\/v2\/posts\/1462"}],"collection":[{"href":"http:\/\/www.karate-sochaczew.pl\/index.php\/wp-json\/wp\/v2\/posts"}],"about":[{"href":"http:\/\/www.karate-sochaczew.pl\/index.php\/wp-json\/wp\/v2\/types\/post"}],"author":[{"embeddable":true,"href":"http:\/\/www.karate-sochaczew.pl\/index.php\/wp-json\/wp\/v2\/users\/1"}],"replies":[{"embeddable":true,"href":"http:\/\/www.karate-sochaczew.pl\/index.php\/wp-json\/wp\/v2\/comments?post=1462"}],"version-history":[{"count":1,"href":"http:\/\/www.karate-sochaczew.pl\/index.php\/wp-json\/wp\/v2\/posts\/1462\/revisions"}],"predecessor-version":[{"id":1464,"href":"http:\/\/www.karate-sochaczew.pl\/index.php\/wp-json\/wp\/v2\/posts\/1462\/revisions\/1464"}],"wp:attachment":[{"href":"http:\/\/www.karate-sochaczew.pl\/index.php\/wp-json\/wp\/v2\/media?parent=1462"}],"wp:term":[{"taxonomy":"category","embeddable":true,"href":"http:\/\/www.karate-sochaczew.pl\/index.php\/wp-json\/wp\/v2\/categories?post=1462"},{"taxonomy":"post_tag","embeddable":true,"href":"http:\/\/www.karate-sochaczew.pl\/index.php\/wp-json\/wp\/v2\/tags?post=1462"}],"curies":[{"name":"wp","href":"https:\/\/api.w.org\/{rel}","templated":true}]}}