{"id":1465,"date":"2020-11-13T10:17:47","date_gmt":"2020-11-13T09:17:47","guid":{"rendered":"http:\/\/www.karate-sochaczew.pl\/?p=1465"},"modified":"2020-11-13T10:18:45","modified_gmt":"2020-11-13T09:18:45","slug":"10-medali-na-warszawskiej-olimpiadzie-mlodziezy-zdobyli-nasze-zawodniczki-i-zawodnicy","status":"publish","type":"post","link":"http:\/\/www.karate-sochaczew.pl\/index.php\/2020\/11\/13\/10-medali-na-warszawskiej-olimpiadzie-mlodziezy-zdobyli-nasze-zawodniczki-i-zawodnicy\/","title":{"rendered":"10 medali na Warszawskiej Olimpiadzie M\u0142odzie\u017cy zdobyli nasze Zawodniczki i Zawodnicy :)"},"content":{"rendered":"<div dir=\"auto\">Bardzo dobre wie\u015bci z Warszawy<span class=\"pq6dq46d tbxw36s4 knj5qynh kvgmc6g5 ditlmg2l oygrvhab nvdbi5me sf5mxxl7 gl3lb2sf hhz5lgdu\"><img decoding=\"async\" loading=\"lazy\" src=\"https:\/\/static.xx.fbcdn.net\/images\/emoji.php\/v9\/t51\/1\/16\/1f603.png\" alt=\"?\" width=\"16\" height=\"16\" \/><\/span><span class=\"pq6dq46d tbxw36s4 knj5qynh kvgmc6g5 ditlmg2l oygrvhab nvdbi5me sf5mxxl7 gl3lb2sf hhz5lgdu\"><img decoding=\"async\" loading=\"lazy\" src=\"https:\/\/static.xx.fbcdn.net\/images\/emoji.php\/v9\/t77\/1\/16\/203c.png\" alt=\"\u203c\ufe0f\" width=\"16\" height=\"16\" \/><\/span>\u00a08 listopada Sochaczewscy Karatecy startowali w Warszwskiej Olimpiadzie M\u0142odzie\u017cy <span class=\"pq6dq46d tbxw36s4 knj5qynh kvgmc6g5 ditlmg2l oygrvhab nvdbi5me sf5mxxl7 gl3lb2sf hhz5lgdu\"><img decoding=\"async\" loading=\"lazy\" src=\"https:\/\/static.xx.fbcdn.net\/images\/emoji.php\/v9\/t3f\/1\/16\/1f94b.png\" alt=\"?\" width=\"16\" height=\"16\" \/><\/span><span class=\"pq6dq46d tbxw36s4 knj5qynh kvgmc6g5 ditlmg2l oygrvhab nvdbi5me sf5mxxl7 gl3lb2sf hhz5lgdu\"><img decoding=\"async\" loading=\"lazy\" src=\"https:\/\/static.xx.fbcdn.net\/images\/emoji.php\/v9\/t6c\/1\/16\/1f4aa.png\" alt=\"?\" width=\"16\" height=\"16\" \/><\/span> . Zawody odbywa\u0142y si\u0119 m.in. bez publiczno\u015bci, zgodnie z obowi\u0105zuj\u0105cymi przepisami sanitarnymi. Nasze Zawodniczki i Zawodnicy, kt\u00f3rzy w pe\u0142ni skoncentrowani jak zawsze daj\u0105c z siebie wszystko<span class=\"pq6dq46d tbxw36s4 knj5qynh kvgmc6g5 ditlmg2l oygrvhab nvdbi5me sf5mxxl7 gl3lb2sf hhz5lgdu\"><img decoding=\"async\" loading=\"lazy\" src=\"https:\/\/static.xx.fbcdn.net\/images\/emoji.php\/v9\/t6c\/1\/16\/1f4aa.png\" alt=\"?\" width=\"16\" height=\"16\" \/><\/span><span class=\"pq6dq46d tbxw36s4 knj5qynh kvgmc6g5 ditlmg2l oygrvhab nvdbi5me sf5mxxl7 gl3lb2sf hhz5lgdu\"><img decoding=\"async\" loading=\"lazy\" src=\"https:\/\/static.xx.fbcdn.net\/images\/emoji.php\/v9\/t51\/1\/16\/1f603.png\" alt=\"?\" width=\"16\" height=\"16\" \/><\/span> zdobyli 10 medali: A oto wyniki:<\/div>\n<div dir=\"auto\">2 miejsce zaj\u0119li:<\/div>\n<div dir=\"auto\"><span class=\"pq6dq46d tbxw36s4 knj5qynh kvgmc6g5 ditlmg2l oygrvhab nvdbi5me sf5mxxl7 gl3lb2sf hhz5lgdu\"><img decoding=\"async\" loading=\"lazy\" src=\"https:\/\/static.xx.fbcdn.net\/images\/emoji.php\/v9\/t15\/1\/16\/1f948.png\" alt=\"?\" width=\"16\" height=\"16\" \/><\/span> Oliwia Pe\u0142ka &#8211; kata ind.\u00a0<span class=\"pq6dq46d tbxw36s4 knj5qynh kvgmc6g5 ditlmg2l oygrvhab nvdbi5me sf5mxxl7 gl3lb2sf hhz5lgdu\"><img decoding=\"async\" loading=\"lazy\" src=\"https:\/\/static.xx.fbcdn.net\/images\/emoji.php\/v9\/t15\/1\/16\/1f948.png\" alt=\"?\" width=\"16\" height=\"16\" \/><\/span> Weronika Wilczy\u0144ska &#8211; kata ind.\u00a0<span class=\"pq6dq46d tbxw36s4 knj5qynh kvgmc6g5 ditlmg2l oygrvhab nvdbi5me sf5mxxl7 gl3lb2sf hhz5lgdu\"><img decoding=\"async\" loading=\"lazy\" src=\"https:\/\/static.xx.fbcdn.net\/images\/emoji.php\/v9\/t15\/1\/16\/1f948.png\" alt=\"?\" width=\"16\" height=\"16\" \/><\/span> Kuba \u015awi\u0105tkowski &#8211; kata ind.<\/div>\n<div dir=\"auto\"><span class=\"pq6dq46d tbxw36s4 knj5qynh kvgmc6g5 ditlmg2l oygrvhab nvdbi5me sf5mxxl7 gl3lb2sf hhz5lgdu\"><img decoding=\"async\" loading=\"lazy\" src=\"https:\/\/static.xx.fbcdn.net\/images\/emoji.php\/v9\/t15\/1\/16\/1f948.png\" alt=\"?\" width=\"16\" height=\"16\" \/><\/span> Franciszek O\u0142tarzewski &#8211; kata ind.<\/div>\n<div dir=\"auto\"><span class=\"pq6dq46d tbxw36s4 knj5qynh kvgmc6g5 ditlmg2l oygrvhab nvdbi5me sf5mxxl7 gl3lb2sf hhz5lgdu\"><img decoding=\"async\" loading=\"lazy\" src=\"https:\/\/static.xx.fbcdn.net\/images\/emoji.php\/v9\/t15\/1\/16\/1f948.png\" alt=\"?\" width=\"16\" height=\"16\" \/><\/span> Patrycja Sobczak, Weronika Wilczy\u0144ska, Maja Kononowicz &#8211; kata dru\u017cynowe<\/div>\n<div dir=\"auto\"><span class=\"pq6dq46d tbxw36s4 knj5qynh kvgmc6g5 ditlmg2l oygrvhab nvdbi5me sf5mxxl7 gl3lb2sf hhz5lgdu\"><img decoding=\"async\" loading=\"lazy\" src=\"https:\/\/static.xx.fbcdn.net\/images\/emoji.php\/v9\/t15\/1\/16\/1f948.png\" alt=\"?\" width=\"16\" height=\"16\" \/><\/span> Stanis\u0142aw Bryczek, Kuba \u015awi\u0105tkowski, Franciszek O\u0142tarzewski &#8211; kata dru\u017cynowe<\/div>\n<div dir=\"auto\">3 miesjece zaj\u0119li:<\/div>\n<div dir=\"auto\"><span class=\"pq6dq46d tbxw36s4 knj5qynh kvgmc6g5 ditlmg2l oygrvhab nvdbi5me sf5mxxl7 gl3lb2sf hhz5lgdu\"><img decoding=\"async\" loading=\"lazy\" src=\"https:\/\/static.xx.fbcdn.net\/images\/emoji.php\/v9\/t96\/1\/16\/1f949.png\" alt=\"?\" width=\"16\" height=\"16\" \/><\/span> Maja Kononowicz<span class=\"pq6dq46d tbxw36s4 knj5qynh kvgmc6g5 ditlmg2l oygrvhab nvdbi5me sf5mxxl7 gl3lb2sf hhz5lgdu\"><img decoding=\"async\" loading=\"lazy\" src=\"https:\/\/static.xx.fbcdn.net\/images\/emoji.php\/v9\/t96\/1\/16\/1f949.png\" alt=\"?\" width=\"16\" height=\"16\" \/><\/span> Liliana Kononowicz<span class=\"pq6dq46d tbxw36s4 knj5qynh kvgmc6g5 ditlmg2l oygrvhab nvdbi5me sf5mxxl7 gl3lb2sf hhz5lgdu\"><img decoding=\"async\" loading=\"lazy\" src=\"https:\/\/static.xx.fbcdn.net\/images\/emoji.php\/v9\/t96\/1\/16\/1f949.png\" alt=\"?\" width=\"16\" height=\"16\" \/><\/span> Kamila Karolak<span class=\"pq6dq46d tbxw36s4 knj5qynh kvgmc6g5 ditlmg2l oygrvhab nvdbi5me sf5mxxl7 gl3lb2sf hhz5lgdu\"><img decoding=\"async\" loading=\"lazy\" src=\"https:\/\/static.xx.fbcdn.net\/images\/emoji.php\/v9\/t96\/1\/16\/1f949.png\" alt=\"?\" width=\"16\" height=\"16\" \/><\/span> Krsytian \u015awi\u0105tkowski<\/div>\n<div dir=\"auto\">Wyrazy uznania dla Janka Bryczka oraz Remigiusz O\u0142tarzewskiego, kt\u00f3rym tym razem nie uda\u0142o si\u0119 zdoby\u0107 medalu. Oss<img decoding=\"async\" loading=\"lazy\" class=\"aligncenter size-full wp-image-1466\" src=\"http:\/\/www.karate-sochaczew.pl\/wp-content\/uploads\/2020\/11\/aaa.jpg\" alt=\"aaa\" width=\"2048\" height=\"1155\" srcset=\"http:\/\/www.karate-sochaczew.pl\/wp-content\/uploads\/2020\/11\/aaa.jpg 2048w, http:\/\/www.karate-sochaczew.pl\/wp-content\/uploads\/2020\/11\/aaa-300x169.jpg 300w, http:\/\/www.karate-sochaczew.pl\/wp-content\/uploads\/2020\/11\/aaa-768x433.jpg 768w, http:\/\/www.karate-sochaczew.pl\/wp-content\/uploads\/2020\/11\/aaa-1024x578.jpg 1024w\" sizes=\"(max-width: 2048px) 100vw, 2048px\" \/><img decoding=\"async\" loading=\"lazy\" class=\"aligncenter size-full wp-image-1467\" src=\"http:\/\/www.karate-sochaczew.pl\/wp-content\/uploads\/2020\/11\/dziewczyny-ok.jpg\" alt=\"dziewczyny ok\" width=\"2048\" height=\"1151\" srcset=\"http:\/\/www.karate-sochaczew.pl\/wp-content\/uploads\/2020\/11\/dziewczyny-ok.jpg 2048w, http:\/\/www.karate-sochaczew.pl\/wp-content\/uploads\/2020\/11\/dziewczyny-ok-300x169.jpg 300w, http:\/\/www.karate-sochaczew.pl\/wp-content\/uploads\/2020\/11\/dziewczyny-ok-768x432.jpg 768w, http:\/\/www.karate-sochaczew.pl\/wp-content\/uploads\/2020\/11\/dziewczyny-ok-1024x576.jpg 1024w\" sizes=\"(max-width: 2048px) 100vw, 2048px\" \/><\/div>\n","protected":false},"excerpt":{"rendered":"<p>Bardzo dobre wie\u015bci z Warszawy\u00a08 listopada Sochaczewscy Karatecy startowali w Warszwskiej Olimpiadzie M\u0142odzie\u017cy . Zawody odbywa\u0142y si\u0119 m.in. bez publiczno\u015bci, zgodnie z obowi\u0105zuj\u0105cymi przepisami sanitarnymi. Nasze Zawodniczki i Zawodnicy, kt\u00f3rzy w pe\u0142ni skoncentrowani jak zawsze daj\u0105c z siebie wszystko zdobyli 10 medali: A oto wyniki: 2 miejsce zaj\u0119li: Oliwia Pe\u0142ka &#8211; kata ind.\u00a0 Weronika Wilczy\u0144ska &#8211; kata ind.\u00a0 Kuba \u015awi\u0105tkowski<\/p>\n","protected":false},"author":1,"featured_media":0,"comment_status":"closed","ping_status":"closed","sticky":false,"template":"","format":"standard","meta":[],"categories":[1],"tags":[],"_links":{"self":[{"href":"http:\/\/www.karate-sochaczew.pl\/index.php\/wp-json\/wp\/v2\/posts\/1465"}],"collection":[{"href":"http:\/\/www.karate-sochaczew.pl\/index.php\/wp-json\/wp\/v2\/posts"}],"about":[{"href":"http:\/\/www.karate-sochaczew.pl\/index.php\/wp-json\/wp\/v2\/types\/post"}],"author":[{"embeddable":true,"href":"http:\/\/www.karate-sochaczew.pl\/index.php\/wp-json\/wp\/v2\/users\/1"}],"replies":[{"embeddable":true,"href":"http:\/\/www.karate-sochaczew.pl\/index.php\/wp-json\/wp\/v2\/comments?post=1465"}],"version-history":[{"count":3,"href":"http:\/\/www.karate-sochaczew.pl\/index.php\/wp-json\/wp\/v2\/posts\/1465\/revisions"}],"predecessor-version":[{"id":1470,"href":"http:\/\/www.karate-sochaczew.pl\/index.php\/wp-json\/wp\/v2\/posts\/1465\/revisions\/1470"}],"wp:attachment":[{"href":"http:\/\/www.karate-sochaczew.pl\/index.php\/wp-json\/wp\/v2\/media?parent=1465"}],"wp:term":[{"taxonomy":"category","embeddable":true,"href":"http:\/\/www.karate-sochaczew.pl\/index.php\/wp-json\/wp\/v2\/categories?post=1465"},{"taxonomy":"post_tag","embeddable":true,"href":"http:\/\/www.karate-sochaczew.pl\/index.php\/wp-json\/wp\/v2\/tags?post=1465"}],"curies":[{"name":"wp","href":"https:\/\/api.w.org\/{rel}","templated":true}]}}