{"id":1471,"date":"2020-11-13T10:22:29","date_gmt":"2020-11-13T09:22:29","guid":{"rendered":"http:\/\/www.karate-sochaczew.pl\/?p=1471"},"modified":"2020-11-13T10:22:29","modified_gmt":"2020-11-13T09:22:29","slug":"vii-puchar-warsa-i-sawy-zapisy","status":"publish","type":"post","link":"http:\/\/www.karate-sochaczew.pl\/index.php\/2020\/11\/13\/vii-puchar-warsa-i-sawy-zapisy\/","title":{"rendered":"VII Puchar Warsa i Sawy &#8211; Zapisy"},"content":{"rendered":"<p>Zapraszamy do startu w VII Pucharze Warsa i Sawy, kt\u00f3ry odb\u0119dzie si\u0119 21 listopada w Warszawie w Hali OSiR przy ul. Siennickiej 40. Zapisy pod nr tel 608 661 245 do 15 listopada. Startowe 50 z\u0142 za konkurencj\u0119.<\/p>\n<p><img decoding=\"async\" loading=\"lazy\" class=\"aligncenter size-full wp-image-1472\" src=\"http:\/\/www.karate-sochaczew.pl\/wp-content\/uploads\/2020\/11\/wars-i-sawa.jpg\" alt=\"wars i sawa\" width=\"820\" height=\"313\" srcset=\"http:\/\/www.karate-sochaczew.pl\/wp-content\/uploads\/2020\/11\/wars-i-sawa.jpg 820w, http:\/\/www.karate-sochaczew.pl\/wp-content\/uploads\/2020\/11\/wars-i-sawa-300x115.jpg 300w, http:\/\/www.karate-sochaczew.pl\/wp-content\/uploads\/2020\/11\/wars-i-sawa-768x293.jpg 768w\" sizes=\"(max-width: 820px) 100vw, 820px\" \/><\/p>\n","protected":false},"excerpt":{"rendered":"<p>Zapraszamy do startu w VII Pucharze Warsa i Sawy, kt\u00f3ry odb\u0119dzie si\u0119 21 listopada w Warszawie w Hali OSiR przy ul. Siennickiej 40. Zapisy pod nr tel 608 661 245 do 15 listopada. Startowe 50 z\u0142 za konkurencj\u0119.<\/p>\n","protected":false},"author":1,"featured_media":0,"comment_status":"closed","ping_status":"closed","sticky":false,"template":"","format":"standard","meta":[],"categories":[1],"tags":[],"_links":{"self":[{"href":"http:\/\/www.karate-sochaczew.pl\/index.php\/wp-json\/wp\/v2\/posts\/1471"}],"collection":[{"href":"http:\/\/www.karate-sochaczew.pl\/index.php\/wp-json\/wp\/v2\/posts"}],"about":[{"href":"http:\/\/www.karate-sochaczew.pl\/index.php\/wp-json\/wp\/v2\/types\/post"}],"author":[{"embeddable":true,"href":"http:\/\/www.karate-sochaczew.pl\/index.php\/wp-json\/wp\/v2\/users\/1"}],"replies":[{"embeddable":true,"href":"http:\/\/www.karate-sochaczew.pl\/index.php\/wp-json\/wp\/v2\/comments?post=1471"}],"version-history":[{"count":1,"href":"http:\/\/www.karate-sochaczew.pl\/index.php\/wp-json\/wp\/v2\/posts\/1471\/revisions"}],"predecessor-version":[{"id":1473,"href":"http:\/\/www.karate-sochaczew.pl\/index.php\/wp-json\/wp\/v2\/posts\/1471\/revisions\/1473"}],"wp:attachment":[{"href":"http:\/\/www.karate-sochaczew.pl\/index.php\/wp-json\/wp\/v2\/media?parent=1471"}],"wp:term":[{"taxonomy":"category","embeddable":true,"href":"http:\/\/www.karate-sochaczew.pl\/index.php\/wp-json\/wp\/v2\/categories?post=1471"},{"taxonomy":"post_tag","embeddable":true,"href":"http:\/\/www.karate-sochaczew.pl\/index.php\/wp-json\/wp\/v2\/tags?post=1471"}],"curies":[{"name":"wp","href":"https:\/\/api.w.org\/{rel}","templated":true}]}}