{"id":1475,"date":"2020-12-01T11:02:45","date_gmt":"2020-12-01T10:02:45","guid":{"rendered":"http:\/\/www.karate-sochaczew.pl\/?p=1475"},"modified":"2020-12-01T11:11:07","modified_gmt":"2020-12-01T10:11:07","slug":"treningi-w-s-p-leszno-grudzien-2020","status":"publish","type":"post","link":"http:\/\/www.karate-sochaczew.pl\/index.php\/2020\/12\/01\/treningi-w-s-p-leszno-grudzien-2020\/","title":{"rendered":"Treningi w S. P. Leszno &#8211; Grudzie\u0144 2020"},"content":{"rendered":"<p>Witam, poni\u017cej harmonogram zaj\u0119\u0107 w SP Leszno w Grudniu 2020.<\/p>\n<p>2\u00a0grudnia\u00a0\u015broda\u00a015.00-15.50<br \/>\n4\u00a0grudnia\u00a0pi\u0105tek\u00a015.00-15.50<br \/>\n9\u00a0grudnia\u00a0\u015broda\u00a015.00-15.50<br \/>\n10\u00a0grudnia <span style=\"color: #ff0000;\">UWAGA<\/span> czwartek\u00a014.40-15.30<br \/>\n16\u00a0grudnia\u00a0\u015broda\u00a015.00-15.50<br \/>\n18\u00a0grudnia\u00a0pi\u0105tek\u00a015.00-15.50<br \/>\n22\u00a0grudnia <span style=\"color: #ff0000;\">UWAGA<\/span> wtorek\u00a014.40\u00a0&#8211;\u00a015.30<\/p>\n<p>Oczywi\u015bcie mo\u017cecie Pa\u0144stwo r\u00f3wnie\u017c w miar\u0119 Waszych mo\u017cliwo\u015bci w ramach cz\u0142onkostwa w Klubie ucz\u0119szcza\u0107 tak\u017ce dodatkowo na treningi do Brochowa czy Sochaczewa :):):). Rozpiska zaj\u0119\u0107 w zak\u0142adce treningi.<\/p>\n<p>Oss<\/p>\n","protected":false},"excerpt":{"rendered":"<p>Witam, poni\u017cej harmonogram zaj\u0119\u0107 w SP Leszno w Grudniu 2020. 2\u00a0grudnia\u00a0\u015broda\u00a015.00-15.50 4\u00a0grudnia\u00a0pi\u0105tek\u00a015.00-15.50 9\u00a0grudnia\u00a0\u015broda\u00a015.00-15.50 10\u00a0grudnia UWAGA czwartek\u00a014.40-15.30 16\u00a0grudnia\u00a0\u015broda\u00a015.00-15.50 18\u00a0grudnia\u00a0pi\u0105tek\u00a015.00-15.50 22\u00a0grudnia UWAGA wtorek\u00a014.40\u00a0&#8211;\u00a015.30 Oczywi\u015bcie mo\u017cecie Pa\u0144stwo r\u00f3wnie\u017c w miar\u0119 Waszych mo\u017cliwo\u015bci w ramach cz\u0142onkostwa w Klubie ucz\u0119szcza\u0107 tak\u017ce dodatkowo na treningi do Brochowa czy Sochaczewa :):):). Rozpiska zaj\u0119\u0107 w zak\u0142adce treningi. Oss<\/p>\n","protected":false},"author":1,"featured_media":0,"comment_status":"closed","ping_status":"closed","sticky":false,"template":"","format":"standard","meta":[],"categories":[1],"tags":[],"_links":{"self":[{"href":"http:\/\/www.karate-sochaczew.pl\/index.php\/wp-json\/wp\/v2\/posts\/1475"}],"collection":[{"href":"http:\/\/www.karate-sochaczew.pl\/index.php\/wp-json\/wp\/v2\/posts"}],"about":[{"href":"http:\/\/www.karate-sochaczew.pl\/index.php\/wp-json\/wp\/v2\/types\/post"}],"author":[{"embeddable":true,"href":"http:\/\/www.karate-sochaczew.pl\/index.php\/wp-json\/wp\/v2\/users\/1"}],"replies":[{"embeddable":true,"href":"http:\/\/www.karate-sochaczew.pl\/index.php\/wp-json\/wp\/v2\/comments?post=1475"}],"version-history":[{"count":3,"href":"http:\/\/www.karate-sochaczew.pl\/index.php\/wp-json\/wp\/v2\/posts\/1475\/revisions"}],"predecessor-version":[{"id":1478,"href":"http:\/\/www.karate-sochaczew.pl\/index.php\/wp-json\/wp\/v2\/posts\/1475\/revisions\/1478"}],"wp:attachment":[{"href":"http:\/\/www.karate-sochaczew.pl\/index.php\/wp-json\/wp\/v2\/media?parent=1475"}],"wp:term":[{"taxonomy":"category","embeddable":true,"href":"http:\/\/www.karate-sochaczew.pl\/index.php\/wp-json\/wp\/v2\/categories?post=1475"},{"taxonomy":"post_tag","embeddable":true,"href":"http:\/\/www.karate-sochaczew.pl\/index.php\/wp-json\/wp\/v2\/tags?post=1475"}],"curies":[{"name":"wp","href":"https:\/\/api.w.org\/{rel}","templated":true}]}}