{"id":1480,"date":"2020-12-23T16:08:57","date_gmt":"2020-12-23T15:08:57","guid":{"rendered":"http:\/\/www.karate-sochaczew.pl\/?p=1480"},"modified":"2021-05-31T10:42:52","modified_gmt":"2021-05-31T08:42:52","slug":"1480","status":"publish","type":"post","link":"http:\/\/www.karate-sochaczew.pl\/index.php\/2020\/12\/23\/1480\/","title":{"rendered":"Projekt MON"},"content":{"rendered":"<p>W grudniu 2020r. Karate Klub Sochaczew w porozumieniu z Ministerstwem Obrony Narodowej realizowa\u0142 zaj\u0119cia w ramach projektu &#8221; &#8222;I Ty mo\u017cesz s\u0142u\u017cy\u0107 Ojczy\u017anie &#8211; szkolenia proobronne&#8221;. Udzia\u0142 w zaj\u0119ciach wzi\u0119\u0142o ponad 70 os\u00f3b. Zadanie by\u0142o wsp\u00f3\u0142finansowane ze \u015brodk\u00f3w MON.<\/p>\n<p><img decoding=\"async\" loading=\"lazy\" class=\"aligncenter size-full wp-image-1499\" src=\"http:\/\/www.karate-sochaczew.pl\/wp-content\/uploads\/2021\/01\/Orze\u0142_MON_logo.jpg\" alt=\"Orze\u0142_MON_logo\" width=\"1551\" height=\"1573\" srcset=\"http:\/\/www.karate-sochaczew.pl\/wp-content\/uploads\/2021\/01\/Orze\u0142_MON_logo.jpg 1551w, http:\/\/www.karate-sochaczew.pl\/wp-content\/uploads\/2021\/01\/Orze\u0142_MON_logo-296x300.jpg 296w, http:\/\/www.karate-sochaczew.pl\/wp-content\/uploads\/2021\/01\/Orze\u0142_MON_logo-768x779.jpg 768w, http:\/\/www.karate-sochaczew.pl\/wp-content\/uploads\/2021\/01\/Orze\u0142_MON_logo-1010x1024.jpg 1010w\" sizes=\"(max-width: 1551px) 100vw, 1551px\" \/><img decoding=\"async\" loading=\"lazy\" class=\"aligncenter  wp-image-1521\" src=\"http:\/\/www.karate-sochaczew.pl\/wp-content\/uploads\/2021\/01\/3.jpg\" alt=\"3\" width=\"639\" height=\"479\" srcset=\"http:\/\/www.karate-sochaczew.pl\/wp-content\/uploads\/2021\/01\/3.jpg 2048w, http:\/\/www.karate-sochaczew.pl\/wp-content\/uploads\/2021\/01\/3-300x225.jpg 300w, http:\/\/www.karate-sochaczew.pl\/wp-content\/uploads\/2021\/01\/3-768x576.jpg 768w, http:\/\/www.karate-sochaczew.pl\/wp-content\/uploads\/2021\/01\/3-1024x768.jpg 1024w\" sizes=\"(max-width: 639px) 100vw, 639px\" \/><img decoding=\"async\" loading=\"lazy\" class=\"aligncenter  wp-image-1522\" src=\"http:\/\/www.karate-sochaczew.pl\/wp-content\/uploads\/2021\/01\/4.jpg\" alt=\"4\" width=\"641\" height=\"480\" srcset=\"http:\/\/www.karate-sochaczew.pl\/wp-content\/uploads\/2021\/01\/4.jpg 2048w, http:\/\/www.karate-sochaczew.pl\/wp-content\/uploads\/2021\/01\/4-300x225.jpg 300w, http:\/\/www.karate-sochaczew.pl\/wp-content\/uploads\/2021\/01\/4-768x576.jpg 768w, http:\/\/www.karate-sochaczew.pl\/wp-content\/uploads\/2021\/01\/4-1024x768.jpg 1024w\" sizes=\"(max-width: 641px) 100vw, 641px\" \/><img decoding=\"async\" loading=\"lazy\" class=\"aligncenter  wp-image-1520\" src=\"http:\/\/www.karate-sochaczew.pl\/wp-content\/uploads\/2021\/01\/1.jpg\" alt=\"1\" width=\"662\" height=\"496\" srcset=\"http:\/\/www.karate-sochaczew.pl\/wp-content\/uploads\/2021\/01\/1.jpg 2048w, http:\/\/www.karate-sochaczew.pl\/wp-content\/uploads\/2021\/01\/1-300x225.jpg 300w, http:\/\/www.karate-sochaczew.pl\/wp-content\/uploads\/2021\/01\/1-768x576.jpg 768w, http:\/\/www.karate-sochaczew.pl\/wp-content\/uploads\/2021\/01\/1-1024x768.jpg 1024w\" sizes=\"(max-width: 662px) 100vw, 662px\" \/><img decoding=\"async\" loading=\"lazy\" class=\"aligncenter  wp-image-1518\" src=\"http:\/\/www.karate-sochaczew.pl\/wp-content\/uploads\/2021\/01\/2.jpg\" alt=\"2\" width=\"672\" height=\"504\" srcset=\"http:\/\/www.karate-sochaczew.pl\/wp-content\/uploads\/2021\/01\/2.jpg 2048w, http:\/\/www.karate-sochaczew.pl\/wp-content\/uploads\/2021\/01\/2-300x225.jpg 300w, http:\/\/www.karate-sochaczew.pl\/wp-content\/uploads\/2021\/01\/2-768x576.jpg 768w, http:\/\/www.karate-sochaczew.pl\/wp-content\/uploads\/2021\/01\/2-1024x768.jpg 1024w\" sizes=\"(max-width: 672px) 100vw, 672px\" \/><br \/>\n<img decoding=\"async\" loading=\"lazy\" class=\"aligncenter  wp-image-1690\" src=\"http:\/\/www.karate-sochaczew.pl\/wp-content\/uploads\/2020\/12\/IMG_20210112_120502.jpg\" alt=\"IMG_20210112_120502\" width=\"665\" height=\"499\" srcset=\"http:\/\/www.karate-sochaczew.pl\/wp-content\/uploads\/2020\/12\/IMG_20210112_120502.jpg 4160w, http:\/\/www.karate-sochaczew.pl\/wp-content\/uploads\/2020\/12\/IMG_20210112_120502-300x225.jpg 300w, http:\/\/www.karate-sochaczew.pl\/wp-content\/uploads\/2020\/12\/IMG_20210112_120502-768x576.jpg 768w, http:\/\/www.karate-sochaczew.pl\/wp-content\/uploads\/2020\/12\/IMG_20210112_120502-1024x768.jpg 1024w\" sizes=\"(max-width: 665px) 100vw, 665px\" \/><img decoding=\"async\" loading=\"lazy\" class=\"aligncenter  wp-image-1689\" src=\"http:\/\/www.karate-sochaczew.pl\/wp-content\/uploads\/2020\/12\/IMG_20210112_094655.jpg\" alt=\"IMG_20210112_094655\" width=\"667\" height=\"889\" srcset=\"http:\/\/www.karate-sochaczew.pl\/wp-content\/uploads\/2020\/12\/IMG_20210112_094655.jpg 3120w, http:\/\/www.karate-sochaczew.pl\/wp-content\/uploads\/2020\/12\/IMG_20210112_094655-225x300.jpg 225w, http:\/\/www.karate-sochaczew.pl\/wp-content\/uploads\/2020\/12\/IMG_20210112_094655-768x1024.jpg 768w\" sizes=\"(max-width: 667px) 100vw, 667px\" \/><\/p>\n","protected":false},"excerpt":{"rendered":"<p>W grudniu 2020r. Karate Klub Sochaczew w porozumieniu z Ministerstwem Obrony Narodowej realizowa\u0142 zaj\u0119cia w ramach projektu &#8221; &#8222;I Ty mo\u017cesz s\u0142u\u017cy\u0107 Ojczy\u017anie &#8211; szkolenia proobronne&#8221;. Udzia\u0142 w zaj\u0119ciach wzi\u0119\u0142o ponad 70 os\u00f3b. Zadanie by\u0142o wsp\u00f3\u0142finansowane ze \u015brodk\u00f3w MON.<\/p>\n","protected":false},"author":1,"featured_media":0,"comment_status":"closed","ping_status":"closed","sticky":false,"template":"","format":"standard","meta":[],"categories":[1],"tags":[],"_links":{"self":[{"href":"http:\/\/www.karate-sochaczew.pl\/index.php\/wp-json\/wp\/v2\/posts\/1480"}],"collection":[{"href":"http:\/\/www.karate-sochaczew.pl\/index.php\/wp-json\/wp\/v2\/posts"}],"about":[{"href":"http:\/\/www.karate-sochaczew.pl\/index.php\/wp-json\/wp\/v2\/types\/post"}],"author":[{"embeddable":true,"href":"http:\/\/www.karate-sochaczew.pl\/index.php\/wp-json\/wp\/v2\/users\/1"}],"replies":[{"embeddable":true,"href":"http:\/\/www.karate-sochaczew.pl\/index.php\/wp-json\/wp\/v2\/comments?post=1480"}],"version-history":[{"count":4,"href":"http:\/\/www.karate-sochaczew.pl\/index.php\/wp-json\/wp\/v2\/posts\/1480\/revisions"}],"predecessor-version":[{"id":1694,"href":"http:\/\/www.karate-sochaczew.pl\/index.php\/wp-json\/wp\/v2\/posts\/1480\/revisions\/1694"}],"wp:attachment":[{"href":"http:\/\/www.karate-sochaczew.pl\/index.php\/wp-json\/wp\/v2\/media?parent=1480"}],"wp:term":[{"taxonomy":"category","embeddable":true,"href":"http:\/\/www.karate-sochaczew.pl\/index.php\/wp-json\/wp\/v2\/categories?post=1480"},{"taxonomy":"post_tag","embeddable":true,"href":"http:\/\/www.karate-sochaczew.pl\/index.php\/wp-json\/wp\/v2\/tags?post=1480"}],"curies":[{"name":"wp","href":"https:\/\/api.w.org\/{rel}","templated":true}]}}