{"id":15,"date":"2016-09-10T00:05:15","date_gmt":"2016-09-09T22:05:15","guid":{"rendered":"http:\/\/www.karate-sochaczew.pl\/?p=15"},"modified":"2024-08-29T19:13:05","modified_gmt":"2024-08-29T17:13:05","slug":"15","status":"publish","type":"post","link":"http:\/\/www.karate-sochaczew.pl\/index.php\/2016\/09\/10\/15\/","title":{"rendered":"INSTRUKTORZY"},"content":{"rendered":"<h3><strong><br \/>\n<em>\u0141ukasz Klimczewski \/ 2 DAN \/.<img decoding=\"async\" loading=\"lazy\" class=\" wp-image-353 alignright\" src=\"http:\/\/www.karate-sochaczew.pl\/wp-content\/uploads\/2016\/09\/lukasz.jpg\" alt=\"lukasz\" width=\"154\" height=\"182\" srcset=\"http:\/\/www.karate-sochaczew.pl\/wp-content\/uploads\/2016\/09\/lukasz.jpg 576w, http:\/\/www.karate-sochaczew.pl\/wp-content\/uploads\/2016\/09\/lukasz-254x300.jpg 254w\" sizes=\"(max-width: 154px) 100vw, 154px\" \/> <\/em><\/strong><\/h3>\n<h3><\/h3>\n<p style=\"text-align: justify;\"><span style=\"font-weight: 400;\">Dyplomowany Instruktor i S\u0119dzia Polskiego Zwi\u0105zku Karate Tradycyjnego.<\/span><\/p>\n<p style=\"text-align: justify;\">Swoj\u0105 przygod\u0119 z Karate rozpocz\u0105\u0142 w 1999 roku w Karate Klub Pruszk\u00f3w pod okiem Sensei Jerzego Szcz\u0105chora \/4 DAN\/, jednego z najbardziej utytu\u0142owanych zawodnik\u00f3w i instruktor\u00f3w w polskim karate. Sensei \u0141ukasz Klimczewski posiada wykszta\u0142cenie wy\u017csze pedagogiczne co gwarantuje odpowiednie kwalifikacje i do\u015bwiadczenie w pracy z dzie\u0107mi i m\u0142odzie\u017c\u0105.<\/p>\n<p style=\"text-align: justify;\">Jest wychowawc\u0105 wielu znakomitych zawodnik\u00f3w. Od lat regularnie uczestniczy w szkoleniach i seminariach u najbardziej zas\u0142u\u017conych mistrz\u00f3w karate z ca\u0142ego \u015bwiata Sensei Hidetaka Nishiyama \/ legenda karate, u kt\u00f3rego zdawa\u0142 egzamin na 1 DAN \/, W\u0142odzimierz Kwieci\u0144ski, Masao Kawazoe, Ilia Jorga, Avi Rokah, Justo Gomez\u2026<img decoding=\"async\" loading=\"lazy\" class=\"wp-image-356 alignright\" src=\"http:\/\/www.karate-sochaczew.pl\/wp-content\/uploads\/2016\/09\/1a.jpg\" alt=\"1a\" width=\"126\" height=\"185\" srcset=\"http:\/\/www.karate-sochaczew.pl\/wp-content\/uploads\/2016\/09\/1a.jpg 1105w, http:\/\/www.karate-sochaczew.pl\/wp-content\/uploads\/2016\/09\/1a-204x300.jpg 204w, http:\/\/www.karate-sochaczew.pl\/wp-content\/uploads\/2016\/09\/1a-768x1131.jpg 768w, http:\/\/www.karate-sochaczew.pl\/wp-content\/uploads\/2016\/09\/1a-695x1024.jpg 695w\" sizes=\"(max-width: 126px) 100vw, 126px\" \/><\/p>\n<p style=\"text-align: justify;\"><span style=\"font-weight: 400;\">Prywatnie szcz\u0119\u015bliwy m\u0105\u017c i tata dw\u00f3ch c\u00f3reczek <\/span><span style=\"font-weight: 400;\">\u263a<\/span><span style=\"font-weight: 400;\">.<\/span><\/p>\n<p><strong>Najwa\u017cniejsze osi\u0105gni\u0119cia sportowe:<\/strong><\/p>\n<ul>\n<li><span style=\"font-weight: 400;\">\u00a0II m. w kumite dru\u017c. Mistrzostwa Polski Senior\u00f3w &#8211; Warszawa 2013<\/span><\/li>\n<li><span style=\"font-weight: 400;\">\u00a0Zawodnik Polskiej Ligi Karate Tradycyjnego \u2013 Sezon 2013<\/span><\/li>\n<li><span style=\"font-weight: 400;\">\u00a0I m. Puchar Polski w Kumite Dru\u017c. Mazovia Karate Cup \u2013 Pruszk\u00f3w 2012<\/span><\/li>\n<li><span style=\"font-weight: 400;\">\u00a0III m. kumite dru\u017c. Mistrzostwa Polski Senior\u00f3w \u2013 Wroc\u0142aw 2011<\/span><\/li>\n<li><span style=\"font-weight: 400;\">\u00a0V m. kumite indywidualne Mistrzostwa Polski Senior\u00f3w \u2013 Bydgoszcz 2010<\/span><\/li>\n<li><span style=\"font-weight: 400;\">\u00a0III m. Puchar Polski w Kumite Dru\u017c. Mazovia Karate Cup \u2013 Pruszk\u00f3w 2009<\/span><\/li>\n<li><span style=\"font-weight: 400;\">\u00a0V m. fukugo Mistrzostwa Polski Senior\u00f3w \u2013 Lublin 2009<\/span><\/li>\n<li><span style=\"font-weight: 400;\">\u00a0IV m. Enbu K\/M Mistrzostwa Polski Senior\u00f3w \u2013 W\u0142oc\u0142awek 2008<\/span><\/li>\n<li><span style=\"font-weight: 400;\">\u00a0V m. fukugo Mistrzostwa Polskie Senior\u00f3w \u2013 W\u0142oc\u0142awek 2007<\/span><\/li>\n<li><span style=\"font-weight: 400;\">\u00a0II m. kata dru\u017c. Dru\u017cynowy Puchar Region\u00f3w \u2013 Toru\u0144 2006<\/span><\/li>\n<li><span style=\"font-weight: 400;\">\u00a0V-VIII m. kata ind. Mistrzostwa Polski \u2013 Rzesz\u00f3w 2005<\/span><\/li>\n<li><span style=\"font-weight: 400;\">\u00a0IV m. Mi\u0119dzynarodowa Liga Region\u00f3w \u2013 Wilno 2004r.<\/span><\/li>\n<li><span style=\"font-weight: 400;\">\u00a0III m. kumite dru\u017c. Mistrzostwa Polski Senior\u00f3w \u2013 W\u0142oc\u0142awek 2004<\/span><\/li>\n<li><span style=\"font-weight: 400;\">\u00a0III m. kata dru\u017c. Mistrzostwa Polski Junior\u00f3w \u2013 Zgierz 2001<\/span><\/li>\n<\/ul>\n<hr \/>\n<h3><\/h3>\n<h3><strong><em>Bartosz Sa\u0142aci\u0144ski \/ 2 kyu \/<\/em><\/strong><\/h3>\n<p><img decoding=\"async\" loading=\"lazy\" class=\"wp-image-3022 alignright\" src=\"http:\/\/www.karate-sochaczew.pl\/wp-content\/uploads\/2016\/09\/438145012_873837291424892_7220542879407537863_n.jpg\" alt=\"\" width=\"200\" height=\"384\" srcset=\"http:\/\/www.karate-sochaczew.pl\/wp-content\/uploads\/2016\/09\/438145012_873837291424892_7220542879407537863_n.jpg 318w, http:\/\/www.karate-sochaczew.pl\/wp-content\/uploads\/2016\/09\/438145012_873837291424892_7220542879407537863_n-156x300.jpg 156w\" sizes=\"(max-width: 200px) 100vw, 200px\" \/><\/p>\n<p style=\"text-align: justify;\"><span style=\"font-weight: 400;\">Instruktor klubowy, s\u0119dzia okr\u0119gowy MZKT.<\/span><\/p>\n<p style=\"text-align: justify;\"><span style=\"font-weight: 400;\">Swoj\u0105 przygod\u0119 z Karate rozpocz\u0105\u0142 w 2015 roku<\/span><\/p>\n<p style=\"text-align: justify;\"><span style=\"font-weight: 400;\"> Od lat regularnie uczestniczy w szkoleniach i seminariach u najbardziej zas\u0142u\u017conych mistrz\u00f3w karate<\/span><\/p>\n<p><span style=\"font-weight: 400;\">Wychowawca na obozach i p\u00f3\u0142koloniach.<\/span><\/p>\n","protected":false},"excerpt":{"rendered":"<p>\u0141ukasz Klimczewski \/ 2 DAN \/. Dyplomowany Instruktor i S\u0119dzia Polskiego Zwi\u0105zku Karate Tradycyjnego. Swoj\u0105 przygod\u0119 z Karate rozpocz\u0105\u0142 w 1999 roku w Karate Klub Pruszk\u00f3w pod okiem Sensei Jerzego Szcz\u0105chora \/4 DAN\/, jednego z najbardziej utytu\u0142owanych zawodnik\u00f3w i instruktor\u00f3w w polskim karate. Sensei \u0141ukasz Klimczewski posiada wykszta\u0142cenie wy\u017csze pedagogiczne co gwarantuje odpowiednie kwalifikacje i do\u015bwiadczenie w pracy z dzie\u0107mi<\/p>\n","protected":false},"author":1,"featured_media":0,"comment_status":"open","ping_status":"open","sticky":false,"template":"","format":"standard","meta":[],"categories":[14],"tags":[],"_links":{"self":[{"href":"http:\/\/www.karate-sochaczew.pl\/index.php\/wp-json\/wp\/v2\/posts\/15"}],"collection":[{"href":"http:\/\/www.karate-sochaczew.pl\/index.php\/wp-json\/wp\/v2\/posts"}],"about":[{"href":"http:\/\/www.karate-sochaczew.pl\/index.php\/wp-json\/wp\/v2\/types\/post"}],"author":[{"embeddable":true,"href":"http:\/\/www.karate-sochaczew.pl\/index.php\/wp-json\/wp\/v2\/users\/1"}],"replies":[{"embeddable":true,"href":"http:\/\/www.karate-sochaczew.pl\/index.php\/wp-json\/wp\/v2\/comments?post=15"}],"version-history":[{"count":31,"href":"http:\/\/www.karate-sochaczew.pl\/index.php\/wp-json\/wp\/v2\/posts\/15\/revisions"}],"predecessor-version":[{"id":3023,"href":"http:\/\/www.karate-sochaczew.pl\/index.php\/wp-json\/wp\/v2\/posts\/15\/revisions\/3023"}],"wp:attachment":[{"href":"http:\/\/www.karate-sochaczew.pl\/index.php\/wp-json\/wp\/v2\/media?parent=15"}],"wp:term":[{"taxonomy":"category","embeddable":true,"href":"http:\/\/www.karate-sochaczew.pl\/index.php\/wp-json\/wp\/v2\/categories?post=15"},{"taxonomy":"post_tag","embeddable":true,"href":"http:\/\/www.karate-sochaczew.pl\/index.php\/wp-json\/wp\/v2\/tags?post=15"}],"curies":[{"name":"wp","href":"https:\/\/api.w.org\/{rel}","templated":true}]}}