{"id":1509,"date":"2021-01-19T10:05:35","date_gmt":"2021-01-19T09:05:35","guid":{"rendered":"http:\/\/www.karate-sochaczew.pl\/?p=1509"},"modified":"2021-01-19T11:40:00","modified_gmt":"2021-01-19T10:40:00","slug":"egzaminy-karate","status":"publish","type":"post","link":"http:\/\/www.karate-sochaczew.pl\/index.php\/2021\/01\/19\/egzaminy-karate\/","title":{"rendered":"Egzaminy Karate"},"content":{"rendered":"<p style=\"text-align: left;\"><img decoding=\"async\" loading=\"lazy\" class=\"alignright wp-image-1510 \" src=\"http:\/\/www.karate-sochaczew.pl\/wp-content\/uploads\/2021\/01\/IMG_9894-1030x655-1024x552.jpg\" width=\"405\" height=\"218\" srcset=\"http:\/\/www.karate-sochaczew.pl\/wp-content\/uploads\/2021\/01\/IMG_9894-1030x655-1024x552.jpg 1024w, http:\/\/www.karate-sochaczew.pl\/wp-content\/uploads\/2021\/01\/IMG_9894-1030x655-300x162.jpg 300w, http:\/\/www.karate-sochaczew.pl\/wp-content\/uploads\/2021\/01\/IMG_9894-1030x655-768x414.jpg 768w, http:\/\/www.karate-sochaczew.pl\/wp-content\/uploads\/2021\/01\/IMG_9894-1030x655.jpg 1030w\" sizes=\"(max-width: 405px) 100vw, 405px\" \/><\/p>\n<p><strong>13 lutego 2021 r.<\/strong> planujemy zorganizowa\u0107 w Sochaczewie, pierwszy raz od niespe\u0142na roku egzaminy na stopnie uczniowskie KYU.<\/p>\n<p>Egzaminy s\u0105 bardzo wa\u017cn\u0105 cz\u0119\u015bci\u0105 treningu, poniewa\u017c staj\u0105 si\u0119 celem dla \u0107wicz\u0105cych, kt\u00f3rzy pragn\u0105 zas\u0142u\u017cy\u0107 poprzez ci\u0119\u017cki trening na &#8222;wy\u017cszy&#8221; pas\u00a0??.<\/p>\n<p>Egzaminy jak zawsze przeprowadzane zostan\u0105 w ramach Polskiego Zwi\u0105zku Karate Tradycyjnego. Aby do nich przyst\u0105pi\u0107 nale\u017cy dope\u0142ni\u0107 formalno\u015bci, kt\u00f3re opisane s\u0105 w Karcie zg\u0142oszenia. <strong>\/ Kart\u0119 tak\u0105 Karatecy otrzymaj\u0105 na treningu, mo\u017cna j\u0105 r\u00f3wnie\u017c \u015bci\u0105gn\u0105\u0107 z linku, kt\u00f3ry jest poni\u017cej \/.<\/strong><\/p>\n<p><a href=\"http:\/\/www.karate-sochaczew.pl\/wp-content\/uploads\/2021\/01\/Karta-Zgloszenia-Egzamin-Karate.pdf\">Karta Zgloszenia Egzamin Karate<\/a><\/p>\n<p><img decoding=\"async\" loading=\"lazy\" class=\"aligncenter size-full wp-image-1511\" src=\"http:\/\/www.karate-sochaczew.pl\/wp-content\/uploads\/2021\/01\/egzamin.jpg\" alt=\"egzamin\" width=\"512\" height=\"446\" srcset=\"http:\/\/www.karate-sochaczew.pl\/wp-content\/uploads\/2021\/01\/egzamin.jpg 512w, http:\/\/www.karate-sochaczew.pl\/wp-content\/uploads\/2021\/01\/egzamin-300x261.jpg 300w\" sizes=\"(max-width: 512px) 100vw, 512px\" \/><\/p>\n","protected":false},"excerpt":{"rendered":"<p>13 lutego 2021 r. planujemy zorganizowa\u0107 w Sochaczewie, pierwszy raz od niespe\u0142na roku egzaminy na stopnie uczniowskie KYU. Egzaminy s\u0105 bardzo wa\u017cn\u0105 cz\u0119\u015bci\u0105 treningu, poniewa\u017c staj\u0105 si\u0119 celem dla \u0107wicz\u0105cych, kt\u00f3rzy pragn\u0105 zas\u0142u\u017cy\u0107 poprzez ci\u0119\u017cki trening na &#8222;wy\u017cszy&#8221; pas\u00a0??. Egzaminy jak zawsze przeprowadzane zostan\u0105 w ramach Polskiego Zwi\u0105zku Karate Tradycyjnego. Aby do nich przyst\u0105pi\u0107 nale\u017cy dope\u0142ni\u0107 formalno\u015bci, kt\u00f3re opisane s\u0105<\/p>\n","protected":false},"author":1,"featured_media":0,"comment_status":"closed","ping_status":"closed","sticky":false,"template":"","format":"standard","meta":[],"categories":[1],"tags":[],"_links":{"self":[{"href":"http:\/\/www.karate-sochaczew.pl\/index.php\/wp-json\/wp\/v2\/posts\/1509"}],"collection":[{"href":"http:\/\/www.karate-sochaczew.pl\/index.php\/wp-json\/wp\/v2\/posts"}],"about":[{"href":"http:\/\/www.karate-sochaczew.pl\/index.php\/wp-json\/wp\/v2\/types\/post"}],"author":[{"embeddable":true,"href":"http:\/\/www.karate-sochaczew.pl\/index.php\/wp-json\/wp\/v2\/users\/1"}],"replies":[{"embeddable":true,"href":"http:\/\/www.karate-sochaczew.pl\/index.php\/wp-json\/wp\/v2\/comments?post=1509"}],"version-history":[{"count":4,"href":"http:\/\/www.karate-sochaczew.pl\/index.php\/wp-json\/wp\/v2\/posts\/1509\/revisions"}],"predecessor-version":[{"id":1517,"href":"http:\/\/www.karate-sochaczew.pl\/index.php\/wp-json\/wp\/v2\/posts\/1509\/revisions\/1517"}],"wp:attachment":[{"href":"http:\/\/www.karate-sochaczew.pl\/index.php\/wp-json\/wp\/v2\/media?parent=1509"}],"wp:term":[{"taxonomy":"category","embeddable":true,"href":"http:\/\/www.karate-sochaczew.pl\/index.php\/wp-json\/wp\/v2\/categories?post=1509"},{"taxonomy":"post_tag","embeddable":true,"href":"http:\/\/www.karate-sochaczew.pl\/index.php\/wp-json\/wp\/v2\/tags?post=1509"}],"curies":[{"name":"wp","href":"https:\/\/api.w.org\/{rel}","templated":true}]}}