{"id":1530,"date":"2021-02-07T18:19:38","date_gmt":"2021-02-07T17:19:38","guid":{"rendered":"http:\/\/www.karate-sochaczew.pl\/?p=1530"},"modified":"2021-02-07T18:19:38","modified_gmt":"2021-02-07T17:19:38","slug":"wakacje-2021","status":"publish","type":"post","link":"http:\/\/www.karate-sochaczew.pl\/index.php\/2021\/02\/07\/wakacje-2021\/","title":{"rendered":"Wakacje 2021"},"content":{"rendered":"<p>Aktywne Wakacje z Karate 2021<\/p>\n<ul>\n<li>Ob\u00f3z Letni nad morzem Jantar 26.06 &#8211; 07.07.2021<\/li>\n<li>P\u00f3\u0142kolonie z Karate w Sochaczewie 26.07-30.07 I edycja \/\/ 02.08 &#8211; 06.08 II edycja<\/li>\n<li>Ob\u00f3z stacjonarny &#8211; Broch\u00f3w \/ termin do ustalenia \/<\/li>\n<\/ul>\n<p>Wkr\u00f3tce wi\u0119cej szczegu\u0142\u00f3w .<\/p>\n<p><img decoding=\"async\" loading=\"lazy\" class=\"aligncenter size-full wp-image-1531\" src=\"http:\/\/www.karate-sochaczew.pl\/wp-content\/uploads\/2021\/02\/wakacje.jpg\" alt=\"wakacje\" width=\"940\" height=\"788\" srcset=\"http:\/\/www.karate-sochaczew.pl\/wp-content\/uploads\/2021\/02\/wakacje.jpg 940w, http:\/\/www.karate-sochaczew.pl\/wp-content\/uploads\/2021\/02\/wakacje-300x251.jpg 300w, http:\/\/www.karate-sochaczew.pl\/wp-content\/uploads\/2021\/02\/wakacje-768x644.jpg 768w\" sizes=\"(max-width: 940px) 100vw, 940px\" \/><\/p>\n","protected":false},"excerpt":{"rendered":"<p>Aktywne Wakacje z Karate 2021 Ob\u00f3z Letni nad morzem Jantar 26.06 &#8211; 07.07.2021 P\u00f3\u0142kolonie z Karate w Sochaczewie 26.07-30.07 I edycja \/\/ 02.08 &#8211; 06.08 II edycja Ob\u00f3z stacjonarny &#8211; Broch\u00f3w \/ termin do ustalenia \/ Wkr\u00f3tce wi\u0119cej szczegu\u0142\u00f3w .<\/p>\n","protected":false},"author":1,"featured_media":0,"comment_status":"closed","ping_status":"closed","sticky":false,"template":"","format":"standard","meta":[],"categories":[18],"tags":[],"_links":{"self":[{"href":"http:\/\/www.karate-sochaczew.pl\/index.php\/wp-json\/wp\/v2\/posts\/1530"}],"collection":[{"href":"http:\/\/www.karate-sochaczew.pl\/index.php\/wp-json\/wp\/v2\/posts"}],"about":[{"href":"http:\/\/www.karate-sochaczew.pl\/index.php\/wp-json\/wp\/v2\/types\/post"}],"author":[{"embeddable":true,"href":"http:\/\/www.karate-sochaczew.pl\/index.php\/wp-json\/wp\/v2\/users\/1"}],"replies":[{"embeddable":true,"href":"http:\/\/www.karate-sochaczew.pl\/index.php\/wp-json\/wp\/v2\/comments?post=1530"}],"version-history":[{"count":1,"href":"http:\/\/www.karate-sochaczew.pl\/index.php\/wp-json\/wp\/v2\/posts\/1530\/revisions"}],"predecessor-version":[{"id":1532,"href":"http:\/\/www.karate-sochaczew.pl\/index.php\/wp-json\/wp\/v2\/posts\/1530\/revisions\/1532"}],"wp:attachment":[{"href":"http:\/\/www.karate-sochaczew.pl\/index.php\/wp-json\/wp\/v2\/media?parent=1530"}],"wp:term":[{"taxonomy":"category","embeddable":true,"href":"http:\/\/www.karate-sochaczew.pl\/index.php\/wp-json\/wp\/v2\/categories?post=1530"},{"taxonomy":"post_tag","embeddable":true,"href":"http:\/\/www.karate-sochaczew.pl\/index.php\/wp-json\/wp\/v2\/tags?post=1530"}],"curies":[{"name":"wp","href":"https:\/\/api.w.org\/{rel}","templated":true}]}}