{"id":1536,"date":"2021-02-08T11:40:14","date_gmt":"2021-02-08T10:40:14","guid":{"rendered":"http:\/\/www.karate-sochaczew.pl\/?p=1536"},"modified":"2021-02-08T12:57:44","modified_gmt":"2021-02-08T11:57:44","slug":"wyroznienie-dla-sensei-lukasz-klimczewskiego","status":"publish","type":"post","link":"http:\/\/www.karate-sochaczew.pl\/index.php\/2021\/02\/08\/wyroznienie-dla-sensei-lukasz-klimczewskiego\/","title":{"rendered":"Wyr\u00f3\u017cnienie dla Sensei \u0141ukasza Klimczewskiego"},"content":{"rendered":"<p>W dniach 5-7 lutego sensei \u0141ukasz Klimczewski wzi\u0105\u0142 udzia\u0142 w Kursie Mistrzowskim<span class=\"pq6dq46d tbxw36s4 knj5qynh kvgmc6g5 ditlmg2l oygrvhab nvdbi5me sf5mxxl7 gl3lb2sf hhz5lgdu\"><img decoding=\"async\" loading=\"lazy\" src=\"https:\/\/static.xx.fbcdn.net\/images\/emoji.php\/v9\/t3f\/1\/16\/1f94b.png\" alt=\"?\" width=\"16\" height=\"16\" \/><\/span> kt\u00f3ry w tym roku odbywa\u0142 si\u0119 w Katowicach. Na kursie wr\u0119czono nagrody dla najlepszych zawodnik\u00f3w i trener\u00f3w za rok 2020. Sensei \u0141ukasz Klimczewski otrzyma\u0142 regionalne wyr\u00f3\u017cnienie PZKT za wk\u0142ad w rozw\u00f3j Karate na Mazowszu<span class=\"pq6dq46d tbxw36s4 knj5qynh kvgmc6g5 ditlmg2l oygrvhab nvdbi5me sf5mxxl7 gl3lb2sf hhz5lgdu\"><img decoding=\"async\" loading=\"lazy\" src=\"https:\/\/static.xx.fbcdn.net\/images\/emoji.php\/v9\/tfc\/1\/16\/1f44d.png\" alt=\"?\" width=\"16\" height=\"16\" \/><\/span><span class=\"pq6dq46d tbxw36s4 knj5qynh kvgmc6g5 ditlmg2l oygrvhab nvdbi5me sf5mxxl7 gl3lb2sf hhz5lgdu\"><img decoding=\"async\" loading=\"lazy\" src=\"https:\/\/static.xx.fbcdn.net\/images\/emoji.php\/v9\/t6c\/1\/16\/1f4aa.png\" alt=\"?\" width=\"16\" height=\"16\" \/><\/span>.Gratulujemy.<\/p>\n<p><img decoding=\"async\" loading=\"lazy\" class=\"aligncenter size-full wp-image-1537\" src=\"http:\/\/www.karate-sochaczew.pl\/wp-content\/uploads\/2021\/02\/1.jpg\" alt=\"1\" width=\"960\" height=\"434\" srcset=\"http:\/\/www.karate-sochaczew.pl\/wp-content\/uploads\/2021\/02\/1.jpg 960w, http:\/\/www.karate-sochaczew.pl\/wp-content\/uploads\/2021\/02\/1-300x136.jpg 300w, http:\/\/www.karate-sochaczew.pl\/wp-content\/uploads\/2021\/02\/1-768x347.jpg 768w\" sizes=\"(max-width: 960px) 100vw, 960px\" \/><\/p>\n<p><img decoding=\"async\" loading=\"lazy\" class=\"aligncenter size-full wp-image-1538\" src=\"http:\/\/www.karate-sochaczew.pl\/wp-content\/uploads\/2021\/02\/2.jpg\" alt=\"2\" width=\"720\" height=\"960\" srcset=\"http:\/\/www.karate-sochaczew.pl\/wp-content\/uploads\/2021\/02\/2.jpg 720w, http:\/\/www.karate-sochaczew.pl\/wp-content\/uploads\/2021\/02\/2-225x300.jpg 225w\" sizes=\"(max-width: 720px) 100vw, 720px\" \/><\/p>\n<p>&nbsp;<\/p>\n","protected":false},"excerpt":{"rendered":"<p>W dniach 5-7 lutego sensei \u0141ukasz Klimczewski wzi\u0105\u0142 udzia\u0142 w Kursie Mistrzowskim kt\u00f3ry w tym roku odbywa\u0142 si\u0119 w Katowicach. Na kursie wr\u0119czono nagrody dla najlepszych zawodnik\u00f3w i trener\u00f3w za rok 2020. Sensei \u0141ukasz Klimczewski otrzyma\u0142 regionalne wyr\u00f3\u017cnienie PZKT za wk\u0142ad w rozw\u00f3j Karate na Mazowszu.Gratulujemy. &nbsp;<\/p>\n","protected":false},"author":1,"featured_media":0,"comment_status":"closed","ping_status":"closed","sticky":false,"template":"","format":"standard","meta":[],"categories":[1],"tags":[],"_links":{"self":[{"href":"http:\/\/www.karate-sochaczew.pl\/index.php\/wp-json\/wp\/v2\/posts\/1536"}],"collection":[{"href":"http:\/\/www.karate-sochaczew.pl\/index.php\/wp-json\/wp\/v2\/posts"}],"about":[{"href":"http:\/\/www.karate-sochaczew.pl\/index.php\/wp-json\/wp\/v2\/types\/post"}],"author":[{"embeddable":true,"href":"http:\/\/www.karate-sochaczew.pl\/index.php\/wp-json\/wp\/v2\/users\/1"}],"replies":[{"embeddable":true,"href":"http:\/\/www.karate-sochaczew.pl\/index.php\/wp-json\/wp\/v2\/comments?post=1536"}],"version-history":[{"count":2,"href":"http:\/\/www.karate-sochaczew.pl\/index.php\/wp-json\/wp\/v2\/posts\/1536\/revisions"}],"predecessor-version":[{"id":1547,"href":"http:\/\/www.karate-sochaczew.pl\/index.php\/wp-json\/wp\/v2\/posts\/1536\/revisions\/1547"}],"wp:attachment":[{"href":"http:\/\/www.karate-sochaczew.pl\/index.php\/wp-json\/wp\/v2\/media?parent=1536"}],"wp:term":[{"taxonomy":"category","embeddable":true,"href":"http:\/\/www.karate-sochaczew.pl\/index.php\/wp-json\/wp\/v2\/categories?post=1536"},{"taxonomy":"post_tag","embeddable":true,"href":"http:\/\/www.karate-sochaczew.pl\/index.php\/wp-json\/wp\/v2\/tags?post=1536"}],"curies":[{"name":"wp","href":"https:\/\/api.w.org\/{rel}","templated":true}]}}