{"id":1572,"date":"2021-02-23T13:40:32","date_gmt":"2021-02-23T12:40:32","guid":{"rendered":"http:\/\/www.karate-sochaczew.pl\/?p=1572"},"modified":"2021-02-23T13:40:32","modified_gmt":"2021-02-23T12:40:32","slug":"na-karate-nigdy-nie-jest-za-pozno-zapraszamy-na-treningi-rodzicow","status":"publish","type":"post","link":"http:\/\/www.karate-sochaczew.pl\/index.php\/2021\/02\/23\/na-karate-nigdy-nie-jest-za-pozno-zapraszamy-na-treningi-rodzicow\/","title":{"rendered":"Na karate nigdy nie jest za p\u00f3\u017ano &#8211; Zapraszamy na treningi Rodzic\u00f3w"},"content":{"rendered":"<div class=\"\" data-block=\"true\" data-editor=\"73o7f\" data-offset-key=\"2mp0l-0-0\">\n<div class=\"_1mf _1mj\" data-offset-key=\"2mp0l-0-0\"><span data-offset-key=\"2mp0l-0-0\"><span data-text=\"true\">Drodzy <\/span><\/span><span data-offset-key=\"2mp0l-1-0\"><span data-text=\"true\">Rodzice<\/span><\/span><span data-offset-key=\"2mp0l-2-0\"><span data-text=\"true\"> naszych Karatek\u00f3w?\u2705 MAMY co\u015b dla WAS \u2705 Zapraszamy na treningi KARATE do naszej grupy pocz\u0105tkuj\u0105cej dedykowanej osobom doros\u0142ym?.<\/span><\/span><\/div>\n<div class=\"_1mf _1mj\" data-offset-key=\"2mp0l-0-0\"><\/div>\n<\/div>\n<div class=\"\" data-block=\"true\" data-editor=\"73o7f\" data-offset-key=\"4vvel-0-0\">\n<div class=\"_1mf _1mj\" data-offset-key=\"4vvel-0-0\"><span data-offset-key=\"4vvel-0-0\"><span data-text=\"true\">?gwarantujemy super atmosfer\u0119 na zaj\u0119ciach?<\/span><\/span><\/div>\n<\/div>\n<div class=\"\" data-block=\"true\" data-editor=\"73o7f\" data-offset-key=\"3qgua-0-0\">\n<div class=\"_1mf _1mj\" data-offset-key=\"3qgua-0-0\"><span data-offset-key=\"3qgua-0-0\"><span data-text=\"true\">?poprawimy Wasz\u0105 sprawno\u015b\u0107 i kondycj\u0119, a co za tym idzie r\u00f3wnie\u017c i sylwetk\u0119?<\/span><\/span><\/div>\n<\/div>\n<div class=\"\" data-block=\"true\" data-editor=\"73o7f\" data-offset-key=\"3e3gi-0-0\">\n<div class=\"_1mf _1mj\" data-offset-key=\"3e3gi-0-0\"><span data-offset-key=\"3e3gi-0-0\"><span data-text=\"true\">?poznacie elementy samoobrony<\/span><\/span><\/div>\n<\/div>\n<div class=\"\" data-block=\"true\" data-editor=\"73o7f\" data-offset-key=\"2gvs0-0-0\">\n<div class=\"_1mf _1mj\" data-offset-key=\"2gvs0-0-0\"><span data-offset-key=\"2gvs0-0-0\"><span data-text=\"true\">?zapraszamy na trening pr\u00f3bny &#8211; to nic nie kosztuje ?<\/span><\/span><\/div>\n<div class=\"_1mf _1mj\" data-offset-key=\"2gvs0-0-0\"><\/div>\n<div class=\"_1mf _1mj\" data-offset-key=\"2gvs0-0-0\"><img decoding=\"async\" loading=\"lazy\" class=\"aligncenter size-full wp-image-1571\" src=\"http:\/\/www.karate-sochaczew.pl\/wp-content\/uploads\/2021\/02\/karate-dla-rodzic\u00f3w.jpg\" alt=\"karate dla rodzic\u00f3w\" width=\"1587\" height=\"2245\" srcset=\"http:\/\/www.karate-sochaczew.pl\/wp-content\/uploads\/2021\/02\/karate-dla-rodzic\u00f3w.jpg 1587w, http:\/\/www.karate-sochaczew.pl\/wp-content\/uploads\/2021\/02\/karate-dla-rodzic\u00f3w-212x300.jpg 212w, http:\/\/www.karate-sochaczew.pl\/wp-content\/uploads\/2021\/02\/karate-dla-rodzic\u00f3w-768x1086.jpg 768w, http:\/\/www.karate-sochaczew.pl\/wp-content\/uploads\/2021\/02\/karate-dla-rodzic\u00f3w-724x1024.jpg 724w\" sizes=\"(max-width: 1587px) 100vw, 1587px\" \/><\/div>\n<\/div>\n<div class=\"\" data-block=\"true\" data-editor=\"73o7f\" data-offset-key=\"766ma-0-0\"><\/div>\n","protected":false},"excerpt":{"rendered":"<p>Drodzy Rodzice naszych Karatek\u00f3w?\u2705 MAMY co\u015b dla WAS \u2705 Zapraszamy na treningi KARATE do naszej grupy pocz\u0105tkuj\u0105cej dedykowanej osobom doros\u0142ym?. ?gwarantujemy super atmosfer\u0119 na zaj\u0119ciach? ?poprawimy Wasz\u0105 sprawno\u015b\u0107 i kondycj\u0119, a co za tym idzie r\u00f3wnie\u017c i sylwetk\u0119? ?poznacie elementy samoobrony ?zapraszamy na trening pr\u00f3bny &#8211; to nic nie kosztuje ?<\/p>\n","protected":false},"author":1,"featured_media":0,"comment_status":"closed","ping_status":"closed","sticky":false,"template":"","format":"standard","meta":[],"categories":[1],"tags":[],"_links":{"self":[{"href":"http:\/\/www.karate-sochaczew.pl\/index.php\/wp-json\/wp\/v2\/posts\/1572"}],"collection":[{"href":"http:\/\/www.karate-sochaczew.pl\/index.php\/wp-json\/wp\/v2\/posts"}],"about":[{"href":"http:\/\/www.karate-sochaczew.pl\/index.php\/wp-json\/wp\/v2\/types\/post"}],"author":[{"embeddable":true,"href":"http:\/\/www.karate-sochaczew.pl\/index.php\/wp-json\/wp\/v2\/users\/1"}],"replies":[{"embeddable":true,"href":"http:\/\/www.karate-sochaczew.pl\/index.php\/wp-json\/wp\/v2\/comments?post=1572"}],"version-history":[{"count":1,"href":"http:\/\/www.karate-sochaczew.pl\/index.php\/wp-json\/wp\/v2\/posts\/1572\/revisions"}],"predecessor-version":[{"id":1573,"href":"http:\/\/www.karate-sochaczew.pl\/index.php\/wp-json\/wp\/v2\/posts\/1572\/revisions\/1573"}],"wp:attachment":[{"href":"http:\/\/www.karate-sochaczew.pl\/index.php\/wp-json\/wp\/v2\/media?parent=1572"}],"wp:term":[{"taxonomy":"category","embeddable":true,"href":"http:\/\/www.karate-sochaczew.pl\/index.php\/wp-json\/wp\/v2\/categories?post=1572"},{"taxonomy":"post_tag","embeddable":true,"href":"http:\/\/www.karate-sochaczew.pl\/index.php\/wp-json\/wp\/v2\/tags?post=1572"}],"curies":[{"name":"wp","href":"https:\/\/api.w.org\/{rel}","templated":true}]}}