{"id":1580,"date":"2021-03-01T16:38:49","date_gmt":"2021-03-01T15:38:49","guid":{"rendered":"http:\/\/www.karate-sochaczew.pl\/?p=1580"},"modified":"2021-03-01T17:01:08","modified_gmt":"2021-03-01T16:01:08","slug":"1580","status":"publish","type":"post","link":"http:\/\/www.karate-sochaczew.pl\/index.php\/2021\/03\/01\/1580\/","title":{"rendered":"21 medali na IV Pucharze Mazowsza Karatek\u00f3w z Sochaczewa!!!"},"content":{"rendered":"<div dir=\"auto\">IV Puchar <span class=\"pq6dq46d tbxw36s4 knj5qynh kvgmc6g5 ditlmg2l oygrvhab nvdbi5me sf5mxxl7 gl3lb2sf hhz5lgdu\"><img decoding=\"async\" loading=\"lazy\" src=\"https:\/\/static.xx.fbcdn.net\/images\/emoji.php\/v9\/tbe\/1\/16\/1f3c6.png\" alt=\"?\" width=\"16\" height=\"16\" \/><\/span> Mazowsza w Karate Tradycyjnym jest ju\u017c za nami. Sochaczewscy Karatecy bardzo dobrze zaprezentowali si\u0119 na matach w Pruszkowie. Podajemy wyniki:<\/div>\n<div dir=\"auto\">I miejsce zaj\u0119li:<\/div>\n<div dir=\"auto\"><span class=\"pq6dq46d tbxw36s4 knj5qynh kvgmc6g5 ditlmg2l oygrvhab nvdbi5me sf5mxxl7 gl3lb2sf hhz5lgdu\"><img decoding=\"async\" loading=\"lazy\" src=\"https:\/\/static.xx.fbcdn.net\/images\/emoji.php\/v9\/t94\/1\/16\/1f947.png\" alt=\"?\" width=\"16\" height=\"16\" \/><\/span> Anna Wysocka w Kumite ind<\/div>\n<div dir=\"auto\"><span class=\"pq6dq46d tbxw36s4 knj5qynh kvgmc6g5 ditlmg2l oygrvhab nvdbi5me sf5mxxl7 gl3lb2sf hhz5lgdu\"><img decoding=\"async\" loading=\"lazy\" src=\"https:\/\/static.xx.fbcdn.net\/images\/emoji.php\/v9\/t94\/1\/16\/1f947.png\" alt=\"?\" width=\"16\" height=\"16\" \/><\/span> Kuba \u015awi\u0105tkowski w Kumite ind.<\/div>\n<div dir=\"auto\"><span class=\"pq6dq46d tbxw36s4 knj5qynh kvgmc6g5 ditlmg2l oygrvhab nvdbi5me sf5mxxl7 gl3lb2sf hhz5lgdu\"><img decoding=\"async\" loading=\"lazy\" src=\"https:\/\/static.xx.fbcdn.net\/images\/emoji.php\/v9\/t94\/1\/16\/1f947.png\" alt=\"?\" width=\"16\" height=\"16\" \/><\/span> Franciszek O\u0142tarzewski w Kumite ind.<\/div>\n<div dir=\"auto\">II miejsce zaj\u0119li:<\/div>\n<div dir=\"auto\"><span class=\"pq6dq46d tbxw36s4 knj5qynh kvgmc6g5 ditlmg2l oygrvhab nvdbi5me sf5mxxl7 gl3lb2sf hhz5lgdu\"><img decoding=\"async\" loading=\"lazy\" src=\"https:\/\/static.xx.fbcdn.net\/images\/emoji.php\/v9\/t15\/1\/16\/1f948.png\" alt=\"?\" width=\"16\" height=\"16\" \/><\/span> Kalina Wi\u015bniewska w Kata ind.<span class=\"pq6dq46d tbxw36s4 knj5qynh kvgmc6g5 ditlmg2l oygrvhab nvdbi5me sf5mxxl7 gl3lb2sf hhz5lgdu\"><img decoding=\"async\" loading=\"lazy\" src=\"https:\/\/static.xx.fbcdn.net\/images\/emoji.php\/v9\/t15\/1\/16\/1f948.png\" alt=\"?\" width=\"16\" height=\"16\" \/><\/span> Lena Sa\u0142aci\u0144\u015bka w Kata ind.<\/div>\n<div dir=\"auto\"><span class=\"pq6dq46d tbxw36s4 knj5qynh kvgmc6g5 ditlmg2l oygrvhab nvdbi5me sf5mxxl7 gl3lb2sf hhz5lgdu\"><img decoding=\"async\" loading=\"lazy\" src=\"https:\/\/static.xx.fbcdn.net\/images\/emoji.php\/v9\/t15\/1\/16\/1f948.png\" alt=\"?\" width=\"16\" height=\"16\" \/><\/span> Amelia Jaskulska w Kumite ind.<span class=\"pq6dq46d tbxw36s4 knj5qynh kvgmc6g5 ditlmg2l oygrvhab nvdbi5me sf5mxxl7 gl3lb2sf hhz5lgdu\"><img decoding=\"async\" loading=\"lazy\" src=\"https:\/\/static.xx.fbcdn.net\/images\/emoji.php\/v9\/t15\/1\/16\/1f948.png\" alt=\"?\" width=\"16\" height=\"16\" \/><\/span> Anna Wysocka w Kata ind.<\/div>\n<div dir=\"auto\"><span class=\"pq6dq46d tbxw36s4 knj5qynh kvgmc6g5 ditlmg2l oygrvhab nvdbi5me sf5mxxl7 gl3lb2sf hhz5lgdu\"><img decoding=\"async\" loading=\"lazy\" src=\"https:\/\/static.xx.fbcdn.net\/images\/emoji.php\/v9\/t15\/1\/16\/1f948.png\" alt=\"?\" width=\"16\" height=\"16\" \/><\/span> Maja Kononowicz \/ Anna Wysocka \/ Amelia Jaskulska &#8211; w kata dru\u017cynowym<\/div>\n<div dir=\"auto\"><span class=\"pq6dq46d tbxw36s4 knj5qynh kvgmc6g5 ditlmg2l oygrvhab nvdbi5me sf5mxxl7 gl3lb2sf hhz5lgdu\"><img decoding=\"async\" loading=\"lazy\" src=\"https:\/\/static.xx.fbcdn.net\/images\/emoji.php\/v9\/t15\/1\/16\/1f948.png\" alt=\"?\" width=\"16\" height=\"16\" \/><\/span> Weronika Wilczy\u0144ska w Kumite ind.<span class=\"pq6dq46d tbxw36s4 knj5qynh kvgmc6g5 ditlmg2l oygrvhab nvdbi5me sf5mxxl7 gl3lb2sf hhz5lgdu\"><img decoding=\"async\" loading=\"lazy\" src=\"https:\/\/static.xx.fbcdn.net\/images\/emoji.php\/v9\/t15\/1\/16\/1f948.png\" alt=\"?\" width=\"16\" height=\"16\" \/><\/span> Bartosz Cybulski w Kumite ind.<\/div>\n<div dir=\"auto\">III miejsce zaj\u0119li:<\/div>\n<div dir=\"auto\"><span class=\"pq6dq46d tbxw36s4 knj5qynh kvgmc6g5 ditlmg2l oygrvhab nvdbi5me sf5mxxl7 gl3lb2sf hhz5lgdu\"><img decoding=\"async\" loading=\"lazy\" src=\"https:\/\/static.xx.fbcdn.net\/images\/emoji.php\/v9\/t96\/1\/16\/1f949.png\" alt=\"?\" width=\"16\" height=\"16\" \/><\/span> Remigiusz O\u0142tarzewski w Kata ind.<span class=\"pq6dq46d tbxw36s4 knj5qynh kvgmc6g5 ditlmg2l oygrvhab nvdbi5me sf5mxxl7 gl3lb2sf hhz5lgdu\"><img decoding=\"async\" loading=\"lazy\" src=\"https:\/\/static.xx.fbcdn.net\/images\/emoji.php\/v9\/t96\/1\/16\/1f949.png\" alt=\"?\" width=\"16\" height=\"16\" \/><\/span> Adam Duzdzi\u0144ski w Kata ind.<\/div>\n<div dir=\"auto\"><span class=\"pq6dq46d tbxw36s4 knj5qynh kvgmc6g5 ditlmg2l oygrvhab nvdbi5me sf5mxxl7 gl3lb2sf hhz5lgdu\"><img decoding=\"async\" loading=\"lazy\" src=\"https:\/\/static.xx.fbcdn.net\/images\/emoji.php\/v9\/t96\/1\/16\/1f949.png\" alt=\"?\" width=\"16\" height=\"16\" \/><\/span> Franciszek O\u0142tarzewski w Kata ind.<span class=\"pq6dq46d tbxw36s4 knj5qynh kvgmc6g5 ditlmg2l oygrvhab nvdbi5me sf5mxxl7 gl3lb2sf hhz5lgdu\"><img decoding=\"async\" loading=\"lazy\" src=\"https:\/\/static.xx.fbcdn.net\/images\/emoji.php\/v9\/t96\/1\/16\/1f949.png\" alt=\"?\" width=\"16\" height=\"16\" \/><\/span> Marcel Kawecki w Kumite ind.<\/div>\n<div dir=\"auto\"><span class=\"pq6dq46d tbxw36s4 knj5qynh kvgmc6g5 ditlmg2l oygrvhab nvdbi5me sf5mxxl7 gl3lb2sf hhz5lgdu\"><img decoding=\"async\" loading=\"lazy\" src=\"https:\/\/static.xx.fbcdn.net\/images\/emoji.php\/v9\/t96\/1\/16\/1f949.png\" alt=\"?\" width=\"16\" height=\"16\" \/><\/span> Amelia Jaskulska w Kata ind.<span class=\"pq6dq46d tbxw36s4 knj5qynh kvgmc6g5 ditlmg2l oygrvhab nvdbi5me sf5mxxl7 gl3lb2sf hhz5lgdu\"><img decoding=\"async\" loading=\"lazy\" src=\"https:\/\/static.xx.fbcdn.net\/images\/emoji.php\/v9\/t96\/1\/16\/1f949.png\" alt=\"?\" width=\"16\" height=\"16\" \/><\/span> Patrycja Wilczy\u0144\u015bka w Kumite ind.<\/div>\n<div dir=\"auto\"><span class=\"pq6dq46d tbxw36s4 knj5qynh kvgmc6g5 ditlmg2l oygrvhab nvdbi5me sf5mxxl7 gl3lb2sf hhz5lgdu\"><img decoding=\"async\" loading=\"lazy\" src=\"https:\/\/static.xx.fbcdn.net\/images\/emoji.php\/v9\/t96\/1\/16\/1f949.png\" alt=\"?\" width=\"16\" height=\"16\" \/><\/span> Dawid Jaskulski w Kata ind.<span class=\"pq6dq46d tbxw36s4 knj5qynh kvgmc6g5 ditlmg2l oygrvhab nvdbi5me sf5mxxl7 gl3lb2sf hhz5lgdu\"><img decoding=\"async\" loading=\"lazy\" src=\"https:\/\/static.xx.fbcdn.net\/images\/emoji.php\/v9\/t96\/1\/16\/1f949.png\" alt=\"?\" width=\"16\" height=\"16\" \/><\/span> Weronika Wilczy\u0144ska w Kata ind.<\/div>\n<div dir=\"auto\"><span class=\"pq6dq46d tbxw36s4 knj5qynh kvgmc6g5 ditlmg2l oygrvhab nvdbi5me sf5mxxl7 gl3lb2sf hhz5lgdu\"><img decoding=\"async\" loading=\"lazy\" src=\"https:\/\/static.xx.fbcdn.net\/images\/emoji.php\/v9\/t96\/1\/16\/1f949.png\" alt=\"?\" width=\"16\" height=\"16\" \/><\/span> Bartosz Sa\u0142aci\u0144ski w Kata ind.<span class=\"pq6dq46d tbxw36s4 knj5qynh kvgmc6g5 ditlmg2l oygrvhab nvdbi5me sf5mxxl7 gl3lb2sf hhz5lgdu\"><img decoding=\"async\" loading=\"lazy\" src=\"https:\/\/static.xx.fbcdn.net\/images\/emoji.php\/v9\/t96\/1\/16\/1f949.png\" alt=\"?\" width=\"16\" height=\"16\" \/><\/span> Dawid Jaskulski w Kumite ind.<\/div>\n<div dir=\"auto\"><span class=\"pq6dq46d tbxw36s4 knj5qynh kvgmc6g5 ditlmg2l oygrvhab nvdbi5me sf5mxxl7 gl3lb2sf hhz5lgdu\"><img decoding=\"async\" loading=\"lazy\" src=\"https:\/\/static.xx.fbcdn.net\/images\/emoji.php\/v9\/t96\/1\/16\/1f949.png\" alt=\"?\" width=\"16\" height=\"16\" \/><\/span> Bartosz Sa\u0142aci\u0144ski w Kumite ind.<\/div>\n<div dir=\"auto\">IV miejsce tu\u017c za podium zaj\u0119li:<\/div>\n<div dir=\"auto\"><span class=\"pq6dq46d tbxw36s4 knj5qynh kvgmc6g5 ditlmg2l oygrvhab nvdbi5me sf5mxxl7 gl3lb2sf hhz5lgdu\"><img decoding=\"async\" loading=\"lazy\" src=\"https:\/\/static.xx.fbcdn.net\/images\/emoji.php\/v9\/td7\/1\/16\/34_20e3.png\" alt=\"4\ufe0f\u20e3\" width=\"16\" height=\"16\" \/><\/span> Oskar Obcwoski w Kata ind.<span class=\"pq6dq46d tbxw36s4 knj5qynh kvgmc6g5 ditlmg2l oygrvhab nvdbi5me sf5mxxl7 gl3lb2sf hhz5lgdu\"><img decoding=\"async\" loading=\"lazy\" src=\"https:\/\/static.xx.fbcdn.net\/images\/emoji.php\/v9\/td7\/1\/16\/34_20e3.png\" alt=\"4\ufe0f\u20e3\" width=\"16\" height=\"16\" \/><\/span> B\u0142a\u017cej Stalmach w Kumite ind.<\/div>\n<div dir=\"auto\"><span class=\"pq6dq46d tbxw36s4 knj5qynh kvgmc6g5 ditlmg2l oygrvhab nvdbi5me sf5mxxl7 gl3lb2sf hhz5lgdu\"><img decoding=\"async\" loading=\"lazy\" src=\"https:\/\/static.xx.fbcdn.net\/images\/emoji.php\/v9\/td7\/1\/16\/34_20e3.png\" alt=\"4\ufe0f\u20e3\" width=\"16\" height=\"16\" \/><\/span> Ida Tereszkiewicz w Kata i Kumite ind.<span class=\"pq6dq46d tbxw36s4 knj5qynh kvgmc6g5 ditlmg2l oygrvhab nvdbi5me sf5mxxl7 gl3lb2sf hhz5lgdu\"><img decoding=\"async\" loading=\"lazy\" src=\"https:\/\/static.xx.fbcdn.net\/images\/emoji.php\/v9\/td7\/1\/16\/34_20e3.png\" alt=\"4\ufe0f\u20e3\" width=\"16\" height=\"16\" \/><\/span> Jacek Wi\u015bniewski w Kata i Kumite ind.<\/div>\n<div dir=\"auto\"><span class=\"pq6dq46d tbxw36s4 knj5qynh kvgmc6g5 ditlmg2l oygrvhab nvdbi5me sf5mxxl7 gl3lb2sf hhz5lgdu\"><img decoding=\"async\" loading=\"lazy\" src=\"https:\/\/static.xx.fbcdn.net\/images\/emoji.php\/v9\/td7\/1\/16\/34_20e3.png\" alt=\"4\ufe0f\u20e3\" width=\"16\" height=\"16\" \/><\/span> Karol Ratajczyk w Kata i Kumite ind.<span class=\"pq6dq46d tbxw36s4 knj5qynh kvgmc6g5 ditlmg2l oygrvhab nvdbi5me sf5mxxl7 gl3lb2sf hhz5lgdu\"><img decoding=\"async\" loading=\"lazy\" src=\"https:\/\/static.xx.fbcdn.net\/images\/emoji.php\/v9\/td7\/1\/16\/34_20e3.png\" alt=\"4\ufe0f\u20e3\" width=\"16\" height=\"16\" \/><\/span> Adam Wysocki \/ Adam W\u0142odarczyk \/ Adam Dudzi\u0144ski &#8211; kata dru\u017c.<\/div>\n<div dir=\"auto\">Wszystkim startuj\u0105cym serdecznie Gratulujemy. Oss.<\/div>\n<div dir=\"auto\"><\/div>\n<div dir=\"auto\"><img decoding=\"async\" loading=\"lazy\" class=\"wp-image-1581 alignleft\" src=\"http:\/\/www.karate-sochaczew.pl\/wp-content\/uploads\/2021\/03\/kata-druzynowe.jpg\" alt=\"kata druzynowe\" width=\"735\" height=\"491\" srcset=\"http:\/\/www.karate-sochaczew.pl\/wp-content\/uploads\/2021\/03\/kata-druzynowe.jpg 1712w, http:\/\/www.karate-sochaczew.pl\/wp-content\/uploads\/2021\/03\/kata-druzynowe-300x200.jpg 300w, http:\/\/www.karate-sochaczew.pl\/wp-content\/uploads\/2021\/03\/kata-druzynowe-768x512.jpg 768w, http:\/\/www.karate-sochaczew.pl\/wp-content\/uploads\/2021\/03\/kata-druzynowe-1024x683.jpg 1024w\" sizes=\"(max-width: 735px) 100vw, 735px\" \/><img decoding=\"async\" loading=\"lazy\" class=\"wp-image-1582 alignright\" src=\"http:\/\/www.karate-sochaczew.pl\/wp-content\/uploads\/2021\/03\/kumite-d-chl.jpg\" alt=\"kumite d chl\" width=\"735\" height=\"491\" srcset=\"http:\/\/www.karate-sochaczew.pl\/wp-content\/uploads\/2021\/03\/kumite-d-chl.jpg 1712w, http:\/\/www.karate-sochaczew.pl\/wp-content\/uploads\/2021\/03\/kumite-d-chl-300x200.jpg 300w, http:\/\/www.karate-sochaczew.pl\/wp-content\/uploads\/2021\/03\/kumite-d-chl-768x512.jpg 768w, http:\/\/www.karate-sochaczew.pl\/wp-content\/uploads\/2021\/03\/kumite-d-chl-1024x683.jpg 1024w\" sizes=\"(max-width: 735px) 100vw, 735px\" \/><img decoding=\"async\" loading=\"lazy\" class=\"aligncenter size-full wp-image-1583\" src=\"http:\/\/www.karate-sochaczew.pl\/wp-content\/uploads\/2021\/03\/kumite-d-dziew.jpg\" alt=\"kumite d dziew\" width=\"1712\" height=\"1142\" srcset=\"http:\/\/www.karate-sochaczew.pl\/wp-content\/uploads\/2021\/03\/kumite-d-dziew.jpg 1712w, http:\/\/www.karate-sochaczew.pl\/wp-content\/uploads\/2021\/03\/kumite-d-dziew-300x200.jpg 300w, http:\/\/www.karate-sochaczew.pl\/wp-content\/uploads\/2021\/03\/kumite-d-dziew-768x512.jpg 768w, http:\/\/www.karate-sochaczew.pl\/wp-content\/uploads\/2021\/03\/kumite-d-dziew-1024x683.jpg 1024w\" sizes=\"(max-width: 1712px) 100vw, 1712px\" \/><\/div>\n","protected":false},"excerpt":{"rendered":"<p>IV Puchar Mazowsza w Karate Tradycyjnym jest ju\u017c za nami. Sochaczewscy Karatecy bardzo dobrze zaprezentowali si\u0119 na matach w Pruszkowie. Podajemy wyniki: I miejsce zaj\u0119li: Anna Wysocka w Kumite ind Kuba \u015awi\u0105tkowski w Kumite ind. Franciszek O\u0142tarzewski w Kumite ind. II miejsce zaj\u0119li: Kalina Wi\u015bniewska w Kata ind. Lena Sa\u0142aci\u0144\u015bka w Kata ind. Amelia Jaskulska w Kumite ind. Anna Wysocka<\/p>\n","protected":false},"author":1,"featured_media":0,"comment_status":"closed","ping_status":"closed","sticky":false,"template":"","format":"standard","meta":[],"categories":[1],"tags":[],"_links":{"self":[{"href":"http:\/\/www.karate-sochaczew.pl\/index.php\/wp-json\/wp\/v2\/posts\/1580"}],"collection":[{"href":"http:\/\/www.karate-sochaczew.pl\/index.php\/wp-json\/wp\/v2\/posts"}],"about":[{"href":"http:\/\/www.karate-sochaczew.pl\/index.php\/wp-json\/wp\/v2\/types\/post"}],"author":[{"embeddable":true,"href":"http:\/\/www.karate-sochaczew.pl\/index.php\/wp-json\/wp\/v2\/users\/1"}],"replies":[{"embeddable":true,"href":"http:\/\/www.karate-sochaczew.pl\/index.php\/wp-json\/wp\/v2\/comments?post=1580"}],"version-history":[{"count":4,"href":"http:\/\/www.karate-sochaczew.pl\/index.php\/wp-json\/wp\/v2\/posts\/1580\/revisions"}],"predecessor-version":[{"id":1595,"href":"http:\/\/www.karate-sochaczew.pl\/index.php\/wp-json\/wp\/v2\/posts\/1580\/revisions\/1595"}],"wp:attachment":[{"href":"http:\/\/www.karate-sochaczew.pl\/index.php\/wp-json\/wp\/v2\/media?parent=1580"}],"wp:term":[{"taxonomy":"category","embeddable":true,"href":"http:\/\/www.karate-sochaczew.pl\/index.php\/wp-json\/wp\/v2\/categories?post=1580"},{"taxonomy":"post_tag","embeddable":true,"href":"http:\/\/www.karate-sochaczew.pl\/index.php\/wp-json\/wp\/v2\/tags?post=1580"}],"curies":[{"name":"wp","href":"https:\/\/api.w.org\/{rel}","templated":true}]}}