{"id":1617,"date":"2021-03-31T10:44:17","date_gmt":"2021-03-31T08:44:17","guid":{"rendered":"http:\/\/www.karate-sochaczew.pl\/?p=1617"},"modified":"2021-03-31T11:38:11","modified_gmt":"2021-03-31T09:38:11","slug":"e-trening-dla-przedszkolakow","status":"publish","type":"post","link":"http:\/\/www.karate-sochaczew.pl\/index.php\/2021\/03\/31\/e-trening-dla-przedszkolakow\/","title":{"rendered":"e-Trening dla Przedszkolak\u00f3w :)"},"content":{"rendered":"<p>Do 9 kwietnia niestety\u00a0 nie mo\u017cemy si\u0119 spotyka\u0107 na treningach w tradycyjnej formie. Uruchomilimy projekt Karate TeamOnline w ramach kt\u00f3rego prowadzimy zaj\u0119cia zdalne w aplikacji ZOOM dla naszych klubowicz\u00f3w. Co prawda nie s\u0105 to \u0142atwe \u0107wiczenia dla najm\u0142odszych, ale oczywi\u015bcie zapraszamy r\u00f3wnie\u017c Przedszkolak\u00f3w na treningi online we wtorki i czwartki na g. 17.00 Dane do lgowania zamieszczamy we wcze\u015bniejszym po\u015bcie \/ Has\u0142o KarateTeam \/<\/p>\n<p><strong>Dajemy r\u00f3wnie\u017c mo\u017cliwo\u015b\u0107 potrenowania<\/strong> w ka\u017cdej chwili na\u00a0bazie filmu nagranego rok temu z Sensei \u0141ukaszem oraz jego Asystentk\u0105 Gabrysi\u0105 lat 4 :). Wystarczy klikn\u0105\u0107 poni\u017cszy link \ud83d\ude42<\/p>\n<p><a href=\"https:\/\/www.youtube.com\/watch?v=PynYhFObh_I&amp;t=2s\">Trening dla Przedszkolak\u00f3w<\/a><\/p>\n<p><img decoding=\"async\" loading=\"lazy\" class=\"size-full wp-image-1624 alignleft\" src=\"http:\/\/www.karate-sochaczew.pl\/wp-content\/uploads\/2021\/03\/mq2.jpg\" alt=\"mq2\" width=\"320\" height=\"180\" srcset=\"http:\/\/www.karate-sochaczew.pl\/wp-content\/uploads\/2021\/03\/mq2.jpg 320w, http:\/\/www.karate-sochaczew.pl\/wp-content\/uploads\/2021\/03\/mq2-300x169.jpg 300w\" sizes=\"(max-width: 320px) 100vw, 320px\" \/><\/p>\n<p>&nbsp;<\/p>\n","protected":false},"excerpt":{"rendered":"<p>Do 9 kwietnia niestety\u00a0 nie mo\u017cemy si\u0119 spotyka\u0107 na treningach w tradycyjnej formie. Uruchomilimy projekt Karate TeamOnline w ramach kt\u00f3rego prowadzimy zaj\u0119cia zdalne w aplikacji ZOOM dla naszych klubowicz\u00f3w. Co prawda nie s\u0105 to \u0142atwe \u0107wiczenia dla najm\u0142odszych, ale oczywi\u015bcie zapraszamy r\u00f3wnie\u017c Przedszkolak\u00f3w na treningi online we wtorki i czwartki na g. 17.00 Dane do lgowania zamieszczamy we wcze\u015bniejszym po\u015bcie<\/p>\n","protected":false},"author":1,"featured_media":0,"comment_status":"closed","ping_status":"closed","sticky":false,"template":"","format":"standard","meta":[],"categories":[1],"tags":[],"_links":{"self":[{"href":"http:\/\/www.karate-sochaczew.pl\/index.php\/wp-json\/wp\/v2\/posts\/1617"}],"collection":[{"href":"http:\/\/www.karate-sochaczew.pl\/index.php\/wp-json\/wp\/v2\/posts"}],"about":[{"href":"http:\/\/www.karate-sochaczew.pl\/index.php\/wp-json\/wp\/v2\/types\/post"}],"author":[{"embeddable":true,"href":"http:\/\/www.karate-sochaczew.pl\/index.php\/wp-json\/wp\/v2\/users\/1"}],"replies":[{"embeddable":true,"href":"http:\/\/www.karate-sochaczew.pl\/index.php\/wp-json\/wp\/v2\/comments?post=1617"}],"version-history":[{"count":4,"href":"http:\/\/www.karate-sochaczew.pl\/index.php\/wp-json\/wp\/v2\/posts\/1617\/revisions"}],"predecessor-version":[{"id":1625,"href":"http:\/\/www.karate-sochaczew.pl\/index.php\/wp-json\/wp\/v2\/posts\/1617\/revisions\/1625"}],"wp:attachment":[{"href":"http:\/\/www.karate-sochaczew.pl\/index.php\/wp-json\/wp\/v2\/media?parent=1617"}],"wp:term":[{"taxonomy":"category","embeddable":true,"href":"http:\/\/www.karate-sochaczew.pl\/index.php\/wp-json\/wp\/v2\/categories?post=1617"},{"taxonomy":"post_tag","embeddable":true,"href":"http:\/\/www.karate-sochaczew.pl\/index.php\/wp-json\/wp\/v2\/tags?post=1617"}],"curies":[{"name":"wp","href":"https:\/\/api.w.org\/{rel}","templated":true}]}}