{"id":1626,"date":"2021-04-02T14:00:04","date_gmt":"2021-04-02T12:00:04","guid":{"rendered":"http:\/\/www.karate-sochaczew.pl\/?p=1626"},"modified":"2021-04-02T14:00:04","modified_gmt":"2021-04-02T12:00:04","slug":"wesolych-swiat-wielkanocnych","status":"publish","type":"post","link":"http:\/\/www.karate-sochaczew.pl\/index.php\/2021\/04\/02\/wesolych-swiat-wielkanocnych\/","title":{"rendered":"Weso\u0142ych \u015awi\u0105t Wielkanocnych"},"content":{"rendered":"<p><span class=\"pq6dq46d tbxw36s4 knj5qynh kvgmc6g5 ditlmg2l oygrvhab nvdbi5me sf5mxxl7 gl3lb2sf hhz5lgdu\"><img decoding=\"async\" loading=\"lazy\" src=\"https:\/\/static.xx.fbcdn.net\/images\/emoji.php\/v9\/t7b\/1\/16\/1f7e1.png\" alt=\"?\" width=\"16\" height=\"16\" \/><\/span>ZDROWIA<span class=\"pq6dq46d tbxw36s4 knj5qynh kvgmc6g5 ditlmg2l oygrvhab nvdbi5me sf5mxxl7 gl3lb2sf hhz5lgdu\"><img decoding=\"async\" loading=\"lazy\" src=\"https:\/\/static.xx.fbcdn.net\/images\/emoji.php\/v9\/tfc\/1\/16\/1f7e2.png\" alt=\"?\" width=\"16\" height=\"16\" \/><\/span>U\u015aMIECHU<span class=\"pq6dq46d tbxw36s4 knj5qynh kvgmc6g5 ditlmg2l oygrvhab nvdbi5me sf5mxxl7 gl3lb2sf hhz5lgdu\"><img decoding=\"async\" loading=\"lazy\" src=\"https:\/\/static.xx.fbcdn.net\/images\/emoji.php\/v9\/tef\/1\/16\/1f535.png\" alt=\"?\" width=\"16\" height=\"16\" \/><\/span>SPOKOJU<span class=\"pq6dq46d tbxw36s4 knj5qynh kvgmc6g5 ditlmg2l oygrvhab nvdbi5me sf5mxxl7 gl3lb2sf hhz5lgdu\"><img decoding=\"async\" loading=\"lazy\" src=\"https:\/\/static.xx.fbcdn.net\/images\/emoji.php\/v9\/t7d\/1\/16\/1f7e3.png\" alt=\"?\" width=\"16\" height=\"16\" \/><\/span>OPTYMIZMU<span class=\"pq6dq46d tbxw36s4 knj5qynh kvgmc6g5 ditlmg2l oygrvhab nvdbi5me sf5mxxl7 gl3lb2sf hhz5lgdu\"><img decoding=\"async\" loading=\"lazy\" src=\"https:\/\/static.xx.fbcdn.net\/images\/emoji.php\/v9\/t6e\/1\/16\/1f534.png\" alt=\"?\" width=\"16\" height=\"16\" \/><\/span><br \/>\n\u017byczymy Weso\u0142ych \u015awi\u0105t Wszystkim Karatekom \/ i nie tylko Karatekom<span class=\"pq6dq46d tbxw36s4 knj5qynh kvgmc6g5 ditlmg2l oygrvhab nvdbi5me sf5mxxl7 gl3lb2sf hhz5lgdu\"><img decoding=\"async\" loading=\"lazy\" src=\"https:\/\/static.xx.fbcdn.net\/images\/emoji.php\/v9\/tce\/1\/16\/1f600.png\" alt=\"?\" width=\"16\" height=\"16\" \/><\/span><span class=\"pq6dq46d tbxw36s4 knj5qynh kvgmc6g5 ditlmg2l oygrvhab nvdbi5me sf5mxxl7 gl3lb2sf hhz5lgdu\"><img decoding=\"async\" loading=\"lazy\" src=\"https:\/\/static.xx.fbcdn.net\/images\/emoji.php\/v9\/t3f\/1\/16\/1f94b.png\" alt=\"?\" width=\"16\" height=\"16\" \/><\/span>\u00a0\/<\/p>\n<p>&#8212; Zarz\u0105d Karate Klubu Sochaczew. Oss<\/p>\n<p><img decoding=\"async\" loading=\"lazy\" class=\"aligncenter size-full wp-image-1627\" src=\"http:\/\/www.karate-sochaczew.pl\/wp-content\/uploads\/2021\/04\/167793957_2948043922112657_4537622176190719190_n.png\" alt=\"167793957_2948043922112657_4537622176190719190_n\" width=\"923\" height=\"465\" srcset=\"http:\/\/www.karate-sochaczew.pl\/wp-content\/uploads\/2021\/04\/167793957_2948043922112657_4537622176190719190_n.png 923w, http:\/\/www.karate-sochaczew.pl\/wp-content\/uploads\/2021\/04\/167793957_2948043922112657_4537622176190719190_n-300x151.png 300w, http:\/\/www.karate-sochaczew.pl\/wp-content\/uploads\/2021\/04\/167793957_2948043922112657_4537622176190719190_n-768x387.png 768w\" sizes=\"(max-width: 923px) 100vw, 923px\" \/><\/p>\n","protected":false},"excerpt":{"rendered":"<p>ZDROWIAU\u015aMIECHUSPOKOJUOPTYMIZMU \u017byczymy Weso\u0142ych \u015awi\u0105t Wszystkim Karatekom \/ i nie tylko Karatekom\u00a0\/ &#8212; Zarz\u0105d Karate Klubu Sochaczew. Oss<\/p>\n","protected":false},"author":1,"featured_media":0,"comment_status":"closed","ping_status":"closed","sticky":false,"template":"","format":"standard","meta":[],"categories":[1],"tags":[],"_links":{"self":[{"href":"http:\/\/www.karate-sochaczew.pl\/index.php\/wp-json\/wp\/v2\/posts\/1626"}],"collection":[{"href":"http:\/\/www.karate-sochaczew.pl\/index.php\/wp-json\/wp\/v2\/posts"}],"about":[{"href":"http:\/\/www.karate-sochaczew.pl\/index.php\/wp-json\/wp\/v2\/types\/post"}],"author":[{"embeddable":true,"href":"http:\/\/www.karate-sochaczew.pl\/index.php\/wp-json\/wp\/v2\/users\/1"}],"replies":[{"embeddable":true,"href":"http:\/\/www.karate-sochaczew.pl\/index.php\/wp-json\/wp\/v2\/comments?post=1626"}],"version-history":[{"count":1,"href":"http:\/\/www.karate-sochaczew.pl\/index.php\/wp-json\/wp\/v2\/posts\/1626\/revisions"}],"predecessor-version":[{"id":1628,"href":"http:\/\/www.karate-sochaczew.pl\/index.php\/wp-json\/wp\/v2\/posts\/1626\/revisions\/1628"}],"wp:attachment":[{"href":"http:\/\/www.karate-sochaczew.pl\/index.php\/wp-json\/wp\/v2\/media?parent=1626"}],"wp:term":[{"taxonomy":"category","embeddable":true,"href":"http:\/\/www.karate-sochaczew.pl\/index.php\/wp-json\/wp\/v2\/categories?post=1626"},{"taxonomy":"post_tag","embeddable":true,"href":"http:\/\/www.karate-sochaczew.pl\/index.php\/wp-json\/wp\/v2\/tags?post=1626"}],"curies":[{"name":"wp","href":"https:\/\/api.w.org\/{rel}","templated":true}]}}