{"id":1637,"date":"2021-04-21T11:19:41","date_gmt":"2021-04-21T09:19:41","guid":{"rendered":"http:\/\/www.karate-sochaczew.pl\/?p=1637"},"modified":"2021-04-21T11:24:36","modified_gmt":"2021-04-21T09:24:36","slug":"mloda-kadra-trening-25-kwietnia-2021","status":"publish","type":"post","link":"http:\/\/www.karate-sochaczew.pl\/index.php\/2021\/04\/21\/mloda-kadra-trening-25-kwietnia-2021\/","title":{"rendered":"M\u0142oda Kadra &#8211; Pierwszy trening 24 kwietnia 2021"},"content":{"rendered":"<p>Drodzy Klubowicze, ruszamy z programem <strong>M\u0141ODA\u00a0 KADRA<\/strong>. Jest to cykl dodatkowych specjalistycznych trening\u00f3w, przeznaczonych dla wysleckonowanej grupy, najbardziej wyr\u00f3\u017cniaj\u0105cych si\u0119 karatek\u00f3w z wszystkich naszych sekcji. Celem programu jest rozw\u00f3j techniczny zawodnik\u00f3w, m.in. pod k\u0105tem startu w zawodach sportowych. Program przeznaczony jest g\u0142\u00f3wnie dla dzieci urodzonych w 2012 roku i m\u0142odszych.<\/p>\n<p><img decoding=\"async\" loading=\"lazy\" class=\"wp-image-1638 alignright\" src=\"http:\/\/www.karate-sochaczew.pl\/wp-content\/uploads\/2021\/04\/wracamy-z-treningami.png\" alt=\"wracamy z treningami\" width=\"403\" height=\"228\" srcset=\"http:\/\/www.karate-sochaczew.pl\/wp-content\/uploads\/2021\/04\/wracamy-z-treningami.png 1640w, http:\/\/www.karate-sochaczew.pl\/wp-content\/uploads\/2021\/04\/wracamy-z-treningami-300x169.png 300w, http:\/\/www.karate-sochaczew.pl\/wp-content\/uploads\/2021\/04\/wracamy-z-treningami-768x433.png 768w, http:\/\/www.karate-sochaczew.pl\/wp-content\/uploads\/2021\/04\/wracamy-z-treningami-1024x577.png 1024w\" sizes=\"(max-width: 403px) 100vw, 403px\" \/><\/p>\n<p>Z kadry wy\u0142oniona zostanie reprezentacja na Puchar Polski Dzieci w Karate Tradycyjnym &#8211; Warszawa 2021.<\/p>\n<p>Do wybranych os\u00f3b wys\u0142ane zosta\u0142y powo\u0142ania drog\u0105 elektroniczn\u0105.<\/p>\n<p>Pierwszy trening odb\u0119dzie si\u0119 w MOSiR Sochaczew ul. Chopina 101 &#8211; <strong>24 kwietnia 2021r. od godz. 10.30 do godziny 12.00.<\/strong><\/p>\n<p><strong>Nast\u0119pny trening planujemy 9 maja 2021<\/strong><\/p>\n<p>Pragniemy zaznaczy\u0107, \u017ce podobnym szkoleniem obj\u0119ta by\u0142a kadra obecnych M\u0142odzik\u00f3w i Juniowr\u00f3w, w\u015br\u00f3d kt\u00f3rej s\u0105 multimedali\u015bci zawod\u00f3w wojew\u00f3dzkich oraz wielokrotni medali\u015bci Pucharu Polski.<\/p>\n<p>Serdecznie zapraszamy.<\/p>\n<p>W razie pyta\u0144 prosz\u0119 o kontakt pod nr tel 608 661 245 &#8211; \u0141ukasz Klimczewski<\/p>\n","protected":false},"excerpt":{"rendered":"<p>Drodzy Klubowicze, ruszamy z programem M\u0141ODA\u00a0 KADRA. Jest to cykl dodatkowych specjalistycznych trening\u00f3w, przeznaczonych dla wysleckonowanej grupy, najbardziej wyr\u00f3\u017cniaj\u0105cych si\u0119 karatek\u00f3w z wszystkich naszych sekcji. Celem programu jest rozw\u00f3j techniczny zawodnik\u00f3w, m.in. pod k\u0105tem startu w zawodach sportowych. Program przeznaczony jest g\u0142\u00f3wnie dla dzieci urodzonych w 2012 roku i m\u0142odszych. Z kadry wy\u0142oniona zostanie reprezentacja na Puchar Polski Dzieci w<\/p>\n","protected":false},"author":1,"featured_media":0,"comment_status":"closed","ping_status":"closed","sticky":false,"template":"","format":"standard","meta":[],"categories":[1],"tags":[],"_links":{"self":[{"href":"http:\/\/www.karate-sochaczew.pl\/index.php\/wp-json\/wp\/v2\/posts\/1637"}],"collection":[{"href":"http:\/\/www.karate-sochaczew.pl\/index.php\/wp-json\/wp\/v2\/posts"}],"about":[{"href":"http:\/\/www.karate-sochaczew.pl\/index.php\/wp-json\/wp\/v2\/types\/post"}],"author":[{"embeddable":true,"href":"http:\/\/www.karate-sochaczew.pl\/index.php\/wp-json\/wp\/v2\/users\/1"}],"replies":[{"embeddable":true,"href":"http:\/\/www.karate-sochaczew.pl\/index.php\/wp-json\/wp\/v2\/comments?post=1637"}],"version-history":[{"count":3,"href":"http:\/\/www.karate-sochaczew.pl\/index.php\/wp-json\/wp\/v2\/posts\/1637\/revisions"}],"predecessor-version":[{"id":1642,"href":"http:\/\/www.karate-sochaczew.pl\/index.php\/wp-json\/wp\/v2\/posts\/1637\/revisions\/1642"}],"wp:attachment":[{"href":"http:\/\/www.karate-sochaczew.pl\/index.php\/wp-json\/wp\/v2\/media?parent=1637"}],"wp:term":[{"taxonomy":"category","embeddable":true,"href":"http:\/\/www.karate-sochaczew.pl\/index.php\/wp-json\/wp\/v2\/categories?post=1637"},{"taxonomy":"post_tag","embeddable":true,"href":"http:\/\/www.karate-sochaczew.pl\/index.php\/wp-json\/wp\/v2\/tags?post=1637"}],"curies":[{"name":"wp","href":"https:\/\/api.w.org\/{rel}","templated":true}]}}