{"id":1645,"date":"2021-04-26T17:46:13","date_gmt":"2021-04-26T15:46:13","guid":{"rendered":"http:\/\/www.karate-sochaczew.pl\/?p=1645"},"modified":"2021-04-27T12:40:13","modified_gmt":"2021-04-27T10:40:13","slug":"wakacje-z-karate-polkolonie-sochaczew-oboz-stacjonarny-brochow","status":"publish","type":"post","link":"http:\/\/www.karate-sochaczew.pl\/index.php\/2021\/04\/26\/wakacje-z-karate-polkolonie-sochaczew-oboz-stacjonarny-brochow\/","title":{"rendered":"Wakacje z Karate &#8211; P\u00f3\u0142kolonie Sochaczew \/\/ Ob\u00f3z stacjonarny Broch\u00f3w"},"content":{"rendered":"<p>&nbsp;<\/p>\n<p>Gor\u0105co zapraszamy naszych klubowicz\u00f3w do ciekawego i bezpiecznego sp\u0119dzenia najbli\u017cszych wakacji z Karate Klub Sochaczew. Uruchamiamy zapisy na karateckie P\u00f3\u0142kolonie, kt\u00f3re przeznaczone dla wszystkich cz\u0142onk\u00f3w naszego klubu, oraz na ob\u00f3z treningowy \/ stacjonarny\/, przeznaczony dla minimum pomara\u0144czowych pas\u00f3w.<\/p>\n<p><strong>Opcja I<\/strong>\u00a0&#8211; <u>P\u00f3\u0142kolonie stacjonarne w Sochaczewie \/ baza SP nr 2 Sochaczew \/<\/u><\/p>\n<p>Rezerwacja pod nr tel <u>608 661 245<\/u> &#8211; prosimy o SMS o tre\u015bci<\/p>\n<p>&#8222;imi\u0119 i nazwisko dziecka oraz turnus I lub II&#8221;<\/p>\n<p>Zaliczk\u0119 w wysoko\u015bci 220 z\u0142. prosimy wp\u0142aci\u0107 u instruktora lub na konto klubu<\/p>\n<p>Bank BNP Paribas\u00a036 1600 1462 1837 9630 0000 0001 , do 22 maja 2021r. Zaliczka nie podlega zwrotowi, chyba \u017ce w miejsce osoby rezygnuj\u0105cej znajdzie si\u0119 nast\u0119pna osoba ch\u0119tna do skorzystania z naszych p\u00f3\u0142kolonii, lub zaistnia\u0142a wyj\u0105tkowa sytuacja np. problemy zdrowotne kandydata na p\u00f3\u0142kolonie.<\/p>\n<p>Je\u017celi wyst\u0105pi brak mo\u017cliwo\u015bci organizacji p\u00f3\u0142kolonii w zwi\u0105zku ze z\u0142a sytuacj\u0105 chocia\u017cby epidemilogiczn\u0105 \/mamy nadziej\u0119, \u017ce tak si\u0119 jednak nie stanie\/, organizator (Karate Klub Sochaczew) zwr\u00f3ci ca\u0142a wp\u0142acon\u0105 przez Pa\u0144stwa kwot\u0119.<\/p>\n<p><strong>Podobnie jak na ob\u00f3z Letni ilo\u015b\u0107 miejsc jest Ograniczona!!!<\/strong><\/p>\n<p><img decoding=\"async\" loading=\"lazy\" class=\"aligncenter size-full wp-image-1651\" src=\"http:\/\/www.karate-sochaczew.pl\/wp-content\/uploads\/2021\/04\/ul-polkolonie.jpg\" alt=\"ul polkolonie\" width=\"1414\" height=\"2000\" srcset=\"http:\/\/www.karate-sochaczew.pl\/wp-content\/uploads\/2021\/04\/ul-polkolonie.jpg 1414w, http:\/\/www.karate-sochaczew.pl\/wp-content\/uploads\/2021\/04\/ul-polkolonie-212x300.jpg 212w, http:\/\/www.karate-sochaczew.pl\/wp-content\/uploads\/2021\/04\/ul-polkolonie-768x1086.jpg 768w, http:\/\/www.karate-sochaczew.pl\/wp-content\/uploads\/2021\/04\/ul-polkolonie-724x1024.jpg 724w\" sizes=\"(max-width: 1414px) 100vw, 1414px\" \/><\/p>\n<p>===================================================================================<\/p>\n<p>====================================================================================<\/p>\n<p>&nbsp;<\/p>\n<p><strong>Opcja II<\/strong> &#8211; Ob\u00f3z stacjonarny w Brochowie \/ dla os\u00f3b powy\u017cej 10 roku \u017cycia z minimum pomara\u0144czowym pasem \/ &#8211; jest to ob\u00f3z typowo treningowy.<\/p>\n<p>Rezerwacja pod nr tel 608 661 245 &#8211; prosimy o SMS o tre\u015bci &#8222;imi\u0119 i nazwisko dziecka oraz dopisek Broch\u00f3w -Ob\u00f3z&#8221;<\/p>\n<p><strong>Zni\u017cka 50 procent<\/strong> dla os\u00f3b, kt\u00f3re zdob\u0119d\u0105 pierwsze miejsce w Mazowieckiej Lidze Karate Tradycyjnego lub zdob\u0119d\u0105 Medal na Pucharze Polski Dzieci Warszawa 2021r.<\/p>\n<p><img decoding=\"async\" loading=\"lazy\" class=\"aligncenter size-full wp-image-1652\" src=\"http:\/\/www.karate-sochaczew.pl\/wp-content\/uploads\/2021\/04\/Broch\u00f3w-CAMP-1.jpg\" alt=\"Broch\u00f3w CAMP\" width=\"1414\" height=\"2000\" srcset=\"http:\/\/www.karate-sochaczew.pl\/wp-content\/uploads\/2021\/04\/Broch\u00f3w-CAMP-1.jpg 1414w, http:\/\/www.karate-sochaczew.pl\/wp-content\/uploads\/2021\/04\/Broch\u00f3w-CAMP-1-212x300.jpg 212w, http:\/\/www.karate-sochaczew.pl\/wp-content\/uploads\/2021\/04\/Broch\u00f3w-CAMP-1-768x1086.jpg 768w, http:\/\/www.karate-sochaczew.pl\/wp-content\/uploads\/2021\/04\/Broch\u00f3w-CAMP-1-724x1024.jpg 724w\" sizes=\"(max-width: 1414px) 100vw, 1414px\" \/><\/p>\n","protected":false},"excerpt":{"rendered":"<p>&nbsp; Gor\u0105co zapraszamy naszych klubowicz\u00f3w do ciekawego i bezpiecznego sp\u0119dzenia najbli\u017cszych wakacji z Karate Klub Sochaczew. Uruchamiamy zapisy na karateckie P\u00f3\u0142kolonie, kt\u00f3re przeznaczone dla wszystkich cz\u0142onk\u00f3w naszego klubu, oraz na ob\u00f3z treningowy \/ stacjonarny\/, przeznaczony dla minimum pomara\u0144czowych pas\u00f3w. Opcja I\u00a0&#8211; P\u00f3\u0142kolonie stacjonarne w Sochaczewie \/ baza SP nr 2 Sochaczew \/ Rezerwacja pod nr tel 608 661 245 &#8211;<\/p>\n","protected":false},"author":1,"featured_media":0,"comment_status":"closed","ping_status":"closed","sticky":false,"template":"","format":"standard","meta":[],"categories":[1,18],"tags":[],"_links":{"self":[{"href":"http:\/\/www.karate-sochaczew.pl\/index.php\/wp-json\/wp\/v2\/posts\/1645"}],"collection":[{"href":"http:\/\/www.karate-sochaczew.pl\/index.php\/wp-json\/wp\/v2\/posts"}],"about":[{"href":"http:\/\/www.karate-sochaczew.pl\/index.php\/wp-json\/wp\/v2\/types\/post"}],"author":[{"embeddable":true,"href":"http:\/\/www.karate-sochaczew.pl\/index.php\/wp-json\/wp\/v2\/users\/1"}],"replies":[{"embeddable":true,"href":"http:\/\/www.karate-sochaczew.pl\/index.php\/wp-json\/wp\/v2\/comments?post=1645"}],"version-history":[{"count":3,"href":"http:\/\/www.karate-sochaczew.pl\/index.php\/wp-json\/wp\/v2\/posts\/1645\/revisions"}],"predecessor-version":[{"id":1653,"href":"http:\/\/www.karate-sochaczew.pl\/index.php\/wp-json\/wp\/v2\/posts\/1645\/revisions\/1653"}],"wp:attachment":[{"href":"http:\/\/www.karate-sochaczew.pl\/index.php\/wp-json\/wp\/v2\/media?parent=1645"}],"wp:term":[{"taxonomy":"category","embeddable":true,"href":"http:\/\/www.karate-sochaczew.pl\/index.php\/wp-json\/wp\/v2\/categories?post=1645"},{"taxonomy":"post_tag","embeddable":true,"href":"http:\/\/www.karate-sochaczew.pl\/index.php\/wp-json\/wp\/v2\/tags?post=1645"}],"curies":[{"name":"wp","href":"https:\/\/api.w.org\/{rel}","templated":true}]}}