{"id":1661,"date":"2021-05-04T14:24:53","date_gmt":"2021-05-04T12:24:53","guid":{"rendered":"http:\/\/www.karate-sochaczew.pl\/?p=1661"},"modified":"2021-05-04T14:24:53","modified_gmt":"2021-05-04T12:24:53","slug":"sp-brochow-zajecia-przniesione-na-dwa-tygodnie-do-mosir-sochaczewchodakow","status":"publish","type":"post","link":"http:\/\/www.karate-sochaczew.pl\/index.php\/2021\/05\/04\/sp-brochow-zajecia-przniesione-na-dwa-tygodnie-do-mosir-sochaczewchodakow\/","title":{"rendered":"SP Broch\u00f3w &#8211; zaj\u0119cia przniesione na dwa tygodnie do MOSiR Sochaczew\/Chodak\u00f3w"},"content":{"rendered":"<p>Dostalismy dzisiaj informacj\u0119, i\u017c sala na kt\u00f3rej trenujemy w SP Broch\u00f3w jest remontowana \/ i to nas bardzo cieszy :):):):) \/. Grosza wiadomo\u015bc jest taka, \u017ce treningi na ten czas przenosimy do MOSiR Sochaczew\/Chodak\u00f3w ul. Chopina 101<\/p>\n<p>Poniedzia\u0142ki<\/p>\n<p>Grupa pocz\u0105tkuj\u0105ca g. 19.00 &#8211; 19.50<\/p>\n<p>Grupa zaawansowana g. 19.50 &#8211; 20.50<\/p>\n<p>\u015arody<\/p>\n<p>Grupa pocz\u0105tkuj\u0105ca g. 19.00 &#8211; 19.50<\/p>\n<p>Grupa zaawansowana g. 19.50 &#8211; 20.40<\/p>\n<p>Remont ma trwa\u0107 dwa tygodnie, tak wi\u0119c pracujemy w tym trybie do 19 maja, chyba \u017ce wcze\u015bniej zostanie zako\u0144czony, lub \/ oby nie \/ si\u0119 przed\u0142u\u017cy \/ wtedy Rodzice dostan\u0105 informacj\u0119 o tym jak dalej pracujmey.<\/p>\n<p>Oczywi\u015bcie zawsze mo\u017cecie przyj\u015bc na trening na inn\u0105 sekcj\u0119, zgodnie z grafikiem na naszej stronie.<\/p>\n<p>W razie pyta\u0144 prosz\u0119 o konatkt. 608 661 245<\/p>\n<p><img decoding=\"async\" loading=\"lazy\" class=\"aligncenter size-full wp-image-1660\" src=\"http:\/\/www.karate-sochaczew.pl\/wp-content\/uploads\/2021\/05\/uwaga.jpg\" alt=\"uwaga\" width=\"458\" height=\"305\" srcset=\"http:\/\/www.karate-sochaczew.pl\/wp-content\/uploads\/2021\/05\/uwaga.jpg 458w, http:\/\/www.karate-sochaczew.pl\/wp-content\/uploads\/2021\/05\/uwaga-300x200.jpg 300w\" sizes=\"(max-width: 458px) 100vw, 458px\" \/><\/p>\n","protected":false},"excerpt":{"rendered":"<p>Dostalismy dzisiaj informacj\u0119, i\u017c sala na kt\u00f3rej trenujemy w SP Broch\u00f3w jest remontowana \/ i to nas bardzo cieszy :):):):) \/. Grosza wiadomo\u015bc jest taka, \u017ce treningi na ten czas przenosimy do MOSiR Sochaczew\/Chodak\u00f3w ul. Chopina 101 Poniedzia\u0142ki Grupa pocz\u0105tkuj\u0105ca g. 19.00 &#8211; 19.50 Grupa zaawansowana g. 19.50 &#8211; 20.50 \u015arody Grupa pocz\u0105tkuj\u0105ca g. 19.00 &#8211; 19.50 Grupa zaawansowana g.<\/p>\n","protected":false},"author":1,"featured_media":0,"comment_status":"closed","ping_status":"closed","sticky":false,"template":"","format":"standard","meta":[],"categories":[1],"tags":[],"_links":{"self":[{"href":"http:\/\/www.karate-sochaczew.pl\/index.php\/wp-json\/wp\/v2\/posts\/1661"}],"collection":[{"href":"http:\/\/www.karate-sochaczew.pl\/index.php\/wp-json\/wp\/v2\/posts"}],"about":[{"href":"http:\/\/www.karate-sochaczew.pl\/index.php\/wp-json\/wp\/v2\/types\/post"}],"author":[{"embeddable":true,"href":"http:\/\/www.karate-sochaczew.pl\/index.php\/wp-json\/wp\/v2\/users\/1"}],"replies":[{"embeddable":true,"href":"http:\/\/www.karate-sochaczew.pl\/index.php\/wp-json\/wp\/v2\/comments?post=1661"}],"version-history":[{"count":2,"href":"http:\/\/www.karate-sochaczew.pl\/index.php\/wp-json\/wp\/v2\/posts\/1661\/revisions"}],"predecessor-version":[{"id":1663,"href":"http:\/\/www.karate-sochaczew.pl\/index.php\/wp-json\/wp\/v2\/posts\/1661\/revisions\/1663"}],"wp:attachment":[{"href":"http:\/\/www.karate-sochaczew.pl\/index.php\/wp-json\/wp\/v2\/media?parent=1661"}],"wp:term":[{"taxonomy":"category","embeddable":true,"href":"http:\/\/www.karate-sochaczew.pl\/index.php\/wp-json\/wp\/v2\/categories?post=1661"},{"taxonomy":"post_tag","embeddable":true,"href":"http:\/\/www.karate-sochaczew.pl\/index.php\/wp-json\/wp\/v2\/tags?post=1661"}],"curies":[{"name":"wp","href":"https:\/\/api.w.org\/{rel}","templated":true}]}}