{"id":1733,"date":"2021-06-21T07:35:14","date_gmt":"2021-06-21T05:35:14","guid":{"rendered":"http:\/\/www.karate-sochaczew.pl\/?p=1733"},"modified":"2021-06-22T11:27:17","modified_gmt":"2021-06-22T09:27:17","slug":"1733","status":"publish","type":"post","link":"http:\/\/www.karate-sochaczew.pl\/index.php\/2021\/06\/21\/1733\/","title":{"rendered":"Ob\u00f3z Letni &#8211; JANTAR 2021 &#8211; INFORMACJE"},"content":{"rendered":"<div class=\"\" data-block=\"true\" data-editor=\"8756s\" data-offset-key=\"etnj2-0-0\">\n<div class=\"_1mf _1mj\" data-offset-key=\"etnj2-0-0\"><img decoding=\"async\" loading=\"lazy\" class=\"aligncenter wp-image-1734\" src=\"http:\/\/www.karate-sochaczew.pl\/wp-content\/uploads\/2021\/06\/info-ob\u00f3z-letni.png\" alt=\"info - ob\u00f3z letni\" width=\"491\" height=\"277\" srcset=\"http:\/\/www.karate-sochaczew.pl\/wp-content\/uploads\/2021\/06\/info-ob\u00f3z-letni.png 1640w, http:\/\/www.karate-sochaczew.pl\/wp-content\/uploads\/2021\/06\/info-ob\u00f3z-letni-300x169.png 300w, http:\/\/www.karate-sochaczew.pl\/wp-content\/uploads\/2021\/06\/info-ob\u00f3z-letni-768x433.png 768w, http:\/\/www.karate-sochaczew.pl\/wp-content\/uploads\/2021\/06\/info-ob\u00f3z-letni-1024x577.png 1024w\" sizes=\"(max-width: 491px) 100vw, 491px\" \/><\/div>\n<\/div>\n<div class=\"\" data-block=\"true\" data-editor=\"8756s\" data-offset-key=\"etnj2-0-0\">\n<div class=\"_1mf _1mj\" data-offset-key=\"etnj2-0-0\"><\/div>\n<div class=\"_1mf _1mj\" data-offset-key=\"etnj2-0-0\"><strong>DOKUMENTY<\/strong><\/div>\n<div class=\"_1mf _1mj\" data-offset-key=\"etnj2-0-0\">Najp\u00f3\u017aniej w dniu wyjazdu dostarczamy do Wychowawcy wype\u0142nion\u0105 przez Rodzic\u00f3w Kart\u0119 uczetsnika obozu\/karta kwalifikacyjne\/ , O\u015bwiadczenie nr 1, oraz Regulamin. Dokumenty mo\u017cna dostarczy\u0107 w tym tygodniu na treningu.<\/div>\n<div class=\"_1mf _1mj\" data-offset-key=\"etnj2-0-0\">Druki mo\u017cna pobra\u0107 z link\u00f3w zamieszczonych poni\u017cej. Druki b\u0119d\u0105 r\u00f3wnie\u017c rozdane na treningu przez Instruktora.<\/div>\n<div class=\"_1mf _1mj\" data-offset-key=\"etnj2-0-0\"><\/div>\n<div class=\"_1mf _1mj\" data-offset-key=\"etnj2-0-0\"><a href=\"http:\/\/www.karate-sochaczew.pl\/wp-content\/uploads\/2021\/06\/karta-kwalifikacyjna-Jantar-2021.doc\">karta kwalifikacyjna Jantar 2021<\/a><\/div>\n<div class=\"_1mf _1mj\" data-offset-key=\"etnj2-0-0\"><a href=\"http:\/\/www.karate-sochaczew.pl\/wp-content\/uploads\/2021\/06\/Oswiadczenie-nr-1-Oboz-Letni.pdf\">Oswiadczenie nr 1 Oboz Letni<\/a><\/div>\n<div class=\"_1mf _1mj\" data-offset-key=\"etnj2-0-0\"><a href=\"http:\/\/www.karate-sochaczew.pl\/wp-content\/uploads\/2021\/06\/Regulamin-Obozu-Letniego.pdf\">Regulamin Obozu Letniego<\/a><\/div>\n<div class=\"_1mf _1mj\" data-offset-key=\"etnj2-0-0\"><\/div>\n<div class=\"_1mf _1mj\" data-offset-key=\"etnj2-0-0\"><strong><span data-offset-key=\"etnj2-0-0\"><span data-text=\"true\">Na ob\u00f3z LETNI zabieramy:<\/span><\/span><\/strong><\/div>\n<\/div>\n<div class=\"\" data-block=\"true\" data-editor=\"8756s\" data-offset-key=\"83imh-0-0\">\n<div class=\"_1mf _1mj\" data-offset-key=\"83imh-0-0\"><span data-offset-key=\"83imh-0-0\"><span data-text=\"true\">\u2705 karate-gi\/kimono\/ plus pas<\/span><\/span><\/div>\n<\/div>\n<div class=\"\" data-block=\"true\" data-editor=\"8756s\" data-offset-key=\"egcpj-0-0\">\n<div class=\"_1mf _1mj\" data-offset-key=\"egcpj-0-0\"><span data-offset-key=\"egcpj-0-0\"><span data-text=\"true\">\u2705 Plecak podr\u0119czny \/opr\u00f3cz walizki czy du\u017cej torby \/<\/span><\/span><\/div>\n<\/div>\n<div class=\"\" data-block=\"true\" data-editor=\"8756s\" data-offset-key=\"f6h7c-0-0\">\n<div class=\"_1mf _1mj\" data-offset-key=\"f6h7c-0-0\"><span data-offset-key=\"f6h7c-0-0\"><span data-text=\"true\">\u2705 str\u00f3j k\u0105pielowy,<\/span><\/span><\/div>\n<\/div>\n<div class=\"\" data-block=\"true\" data-editor=\"8756s\" data-offset-key=\"5k2ik-0-0\">\n<div class=\"_1mf _1mj\" data-offset-key=\"5k2ik-0-0\"><span data-offset-key=\"5k2ik-0-0\"><span data-text=\"true\">\u2705 bielizna do spania, skarpety,re\u0107znik\/2 szt\/<\/span><\/span><\/div>\n<\/div>\n<div class=\"\" data-block=\"true\" data-editor=\"8756s\" data-offset-key=\"5n9l5-0-0\">\n<div class=\"_1mf _1mj\" data-offset-key=\"5n9l5-0-0\"><span data-offset-key=\"5n9l5-0-0\"><span data-text=\"true\">\u2705 obuwie sportowe, klapki<\/span><\/span><\/div>\n<\/div>\n<div class=\"\" data-block=\"true\" data-editor=\"8756s\" data-offset-key=\"1iba0-0-0\">\n<div class=\"_1mf _1mj\" data-offset-key=\"1iba0-0-0\"><span data-offset-key=\"1iba0-0-0\"><span data-text=\"true\">\u2705 d\u0142ugie i kr\u00f3tkie spodnie \u2013 po 2 pary, ciep\u0142a bluza<\/span><\/span><\/div>\n<\/div>\n<div class=\"\" data-block=\"true\" data-editor=\"8756s\" data-offset-key=\"1p8k4-0-0\">\n<div class=\"_1mf _1mj\" data-offset-key=\"1p8k4-0-0\"><span data-offset-key=\"1p8k4-0-0\"><span data-text=\"true\">\u2705 podkoszulki -kr\u00f3tki\/d\u0142ugi r\u0119kaw\/bluza<\/span><\/span><\/div>\n<\/div>\n<div class=\"\" data-block=\"true\" data-editor=\"8756s\" data-offset-key=\"3kdfk-0-0\">\n<div class=\"_1mf _1mj\" data-offset-key=\"3kdfk-0-0\"><span data-offset-key=\"3kdfk-0-0\"><span data-text=\"true\">\u2705 okrycie przeciwdeszczowe, kurtka z kapturem,<\/span><\/span><\/div>\n<\/div>\n<div class=\"\" data-block=\"true\" data-editor=\"8756s\" data-offset-key=\"2r117-0-0\">\n<div class=\"_1mf _1mj\" data-offset-key=\"2r117-0-0\"><span data-offset-key=\"2r117-0-0\"><span data-text=\"true\">\u2705 nakrycie przeciws\u0142oneczne g\u0142owy, krem z filtrem UV<\/span><\/span><\/div>\n<\/div>\n<div class=\"\" data-block=\"true\" data-editor=\"8756s\" data-offset-key=\"fh1e7-0-0\">\n<div class=\"_1mf _1mj\" data-offset-key=\"fh1e7-0-0\"><span data-offset-key=\"fh1e7-0-0\"><span data-text=\"true\">\u2705 przybory toaletowe: szczoteczk\u0119, past\u0119, \u017cel pod prysznic lub szampon, krem, dwa r\u0119czniki<\/span><\/span><\/div>\n<\/div>\n<div class=\"\" data-block=\"true\" data-editor=\"8756s\" data-offset-key=\"2qhad-0-0\">\n<div class=\"_1mf _1mj\" data-offset-key=\"2qhad-0-0\"><span data-offset-key=\"2qhad-0-0\"><span data-text=\"true\">\u2705 dodatkowy r\u0119cznik na pla\u017c\u0119<\/span><\/span><\/div>\n<\/div>\n<div class=\"\" data-block=\"true\" data-editor=\"8756s\" data-offset-key=\"a3ekt-0-0\">\n<div class=\"_1mf _1mj\" data-offset-key=\"a3ekt-0-0\"><span data-offset-key=\"a3ekt-0-0\"><span data-text=\"true\">\u2705 maseczka<\/span><\/span><\/div>\n<\/div>\n<div class=\"\" data-block=\"true\" data-editor=\"8756s\" data-offset-key=\"e0k9-0-0\">\n<div class=\"_1mf _1mj\" data-offset-key=\"e0k9-0-0\"><span data-offset-key=\"e0k9-0-0\"><span data-text=\"true\">\u2705 w\u0142asne \u015brodki dezynfekuj\u0105ce<\/span><\/span><\/div>\n<\/div>\n<div class=\"\" data-block=\"true\" data-editor=\"8756s\" data-offset-key=\"els6b-0-0\">\n<div class=\"_1mf _1mj\" data-offset-key=\"els6b-0-0\"><span data-offset-key=\"els6b-0-0\"><span data-text=\"true\">\u2705 je\u015bli potrafisz gra\u0107 na jakim\u015b ma\u0142ym instrumencie muzycznym, lub masz ulubionego \u201epluszaka\u201d \u2013 zabierz ze sob\u0105<\/span><\/span><\/div>\n<\/div>\n<div class=\"\" data-block=\"true\" data-editor=\"8756s\" data-offset-key=\"ee91u-0-0\">\n<div class=\"_1mf _1mj\" data-offset-key=\"ee91u-0-0\"><strong><span data-offset-key=\"ee91u-0-0\"><span data-text=\"true\">Kieszonkowe<\/span><\/span><\/strong><\/div>\n<\/div>\n<div class=\"\" data-block=\"true\" data-editor=\"8756s\" data-offset-key=\"2tcui-0-0\">\n<div class=\"_1mf _1mj\" data-offset-key=\"2tcui-0-0\"><span data-offset-key=\"2tcui-0-0\"><span data-text=\"true\">\u2705 proismy umie\u015bci\u0107 w opisanej kopercie<\/span><\/span><\/div>\n<\/div>\n<div class=\"\" data-block=\"true\" data-editor=\"8756s\" data-offset-key=\"9scak-0-0\">\n<div class=\"_1mf _1mj\" data-offset-key=\"9scak-0-0\"><span data-offset-key=\"9scak-0-0\"><span data-text=\"true\">\u2705 drobne pieni\u0105dze<\/span><\/span><\/div>\n<\/div>\n<div class=\"\" data-block=\"true\" data-editor=\"8756s\" data-offset-key=\"ci67l-0-0\">\n<div class=\"_1mf _1mj\" data-offset-key=\"ci67l-0-0\"><span data-offset-key=\"ci67l-0-0\"><span data-text=\"true\">\u2705 radzimy zdeponowa\u0107 kieszonkowe u wychowawc\u00f3w w dniu wyjazdu<\/span><\/span><\/div>\n<\/div>\n<div class=\"\" data-block=\"true\" data-editor=\"8756s\" data-offset-key=\"a7r6c-0-0\">\n<div class=\"_1mf _1mj\" data-offset-key=\"a7r6c-0-0\"><strong><span data-offset-key=\"a7r6c-0-0\"><span data-text=\"true\">Lekarstwa<\/span><\/span><\/strong><\/div>\n<\/div>\n<div class=\"\" data-block=\"true\" data-editor=\"8756s\" data-offset-key=\"2u57l-0-0\">\n<div class=\"_1mf _1mj\" data-offset-key=\"2u57l-0-0\"><span data-offset-key=\"2u57l-0-0\"><span data-text=\"true\">\u2705 leki b\u0119d\u0105 przydzielane dzieciom wed\u0142ug wskaz\u00f3wek rodzic\u00f3w i zapisk\u00f3w na karcie obozowej<\/span><\/span><\/div>\n<\/div>\n<div class=\"\" data-block=\"true\" data-editor=\"8756s\" data-offset-key=\"49o0r-0-0\">\n<div class=\"_1mf _1mj\" data-offset-key=\"49o0r-0-0\"><span data-offset-key=\"49o0r-0-0\"><span data-text=\"true\">\u2705 nale\u017cy dostarczy\u0107 pisemn\u0105 zgod\u0119 rodzica na podawanie lek\u00f3w przez opiekuna<\/span><\/span><\/div>\n<\/div>\n<div class=\"\" data-block=\"true\" data-editor=\"8756s\" data-offset-key=\"9qdj1-0-0\">\n<div class=\"_1mf _1mj\" data-offset-key=\"9qdj1-0-0\"><span data-offset-key=\"9qdj1-0-0\"><span data-text=\"true\">\u2705 leki nale\u017cy przekaza\u0107 wychowawcy w dniu wyjazdu<\/span><\/span><\/div>\n<\/div>\n<div class=\"\" data-block=\"true\" data-editor=\"8756s\" data-offset-key=\"23iui-0-0\">\n<div class=\"_1mf _1mj\" data-offset-key=\"23iui-0-0\"><strong><span data-offset-key=\"23iui-0-0\"><span data-text=\"true\">Wskaz\u00f3wka<\/span><\/span><\/strong><\/div>\n<\/div>\n<div class=\"\" data-block=\"true\" data-editor=\"8756s\" data-offset-key=\"eq9cc-0-0\">\n<div class=\"_1mf _1mj\" data-offset-key=\"eq9cc-0-0\"><span data-offset-key=\"eq9cc-0-0\"><span data-text=\"true\">\u2705 prosimy, aby dzieci same spakowa\u0142y do walizki przygotowane przez Pa\u0144stwa rzeczy<\/span><\/span><\/div>\n<\/div>\n<div class=\"\" data-block=\"true\" data-editor=\"8756s\" data-offset-key=\"7b6kh-0-0\">\n<div class=\"_1mf _1mj\" data-offset-key=\"7b6kh-0-0\"><span data-offset-key=\"7b6kh-0-0\"><span data-text=\"true\">\u2022 dzi\u0119ki temu \u0142atwiej rozpoznaj\u0105 swoje ubrania, r\u0119czniki, itd.<\/span><\/span><\/div>\n<\/div>\n<div class=\"\" data-block=\"true\" data-editor=\"8756s\" data-offset-key=\"52kqf-0-0\">\n<div class=\"_1mf _1mj\" data-offset-key=\"52kqf-0-0\"><span data-offset-key=\"52kqf-0-0\"><span data-text=\"true\">\u2705 prosimy aby wszystkie rzeczy by\u0142y podpisane, szczeg\u00f3lnie kimona<\/span><\/span><\/div>\n<\/div>\n<div class=\"\" data-block=\"true\" data-editor=\"8756s\" data-offset-key=\"aadmq-0-0\">\n<div class=\"_1mf _1mj\" data-offset-key=\"aadmq-0-0\"><strong><span data-offset-key=\"aadmq-0-0\"><span data-text=\"true\">Kontakt z dzie\u0107mi<\/span><\/span><\/strong><\/div>\n<\/div>\n<div class=\"\" data-block=\"true\" data-editor=\"8756s\" data-offset-key=\"7iqom-0-0\">\n<div class=\"_1mf _1mj\" data-offset-key=\"7iqom-0-0\"><span data-offset-key=\"7iqom-0-0\"><span data-text=\"true\">\u2705 dzieci mog\u0105 zabra\u0107 ze sob\u0105 telefony kom\u00f3rkowe, z kt\u00f3rych b\u0119d\u0105 korzysta\u0107 przez godzin\u0119 dziennie po obiedzie. B\u0119dzie to czas na rozmowy z rodzicami \/godzine podamy po ustaleniu planu dnia na obozie \/<\/span><\/span><\/div>\n<\/div>\n<div class=\"\" data-block=\"true\" data-editor=\"8756s\" data-offset-key=\"11ef5-0-0\">\n<div class=\"_1mf _1mj\" data-offset-key=\"11ef5-0-0\"><span data-offset-key=\"11ef5-0-0\"><span data-text=\"true\">\u2705 na naszym profilu na Facebooku b\u0119d\u0105 si\u0119 pojawia\u0107 codzienne fotorelacje z obozu<\/span><\/span><\/div>\n<\/div>\n<div class=\"\" data-block=\"true\" data-editor=\"8756s\" data-offset-key=\"c911n-0-0\"><\/div>\n<div class=\"\" data-block=\"true\" data-editor=\"8756s\" data-offset-key=\"56bon-0-0\">\n<div class=\"_1mf _1mj\" data-offset-key=\"56bon-0-0\"><span data-offset-key=\"56bon-0-0\"><span data-text=\"true\">?? WYJAZD &#8211; 27 czerwca 2021 &#8211; Niedziela<\/span><\/span><\/div>\n<\/div>\n<div class=\"\" data-block=\"true\" data-editor=\"8756s\" data-offset-key=\"akdb6-0-0\">\n<div class=\"_1mf _1mj\" data-offset-key=\"akdb6-0-0\"><span data-offset-key=\"akdb6-0-0\"><span data-text=\"true\">? Opcja I &#8211; Sochaczew ul. Olimpijska 3 \/ Parking przy basenie \/<\/span><\/span><\/div>\n<\/div>\n<div class=\"\" data-block=\"true\" data-editor=\"8756s\" data-offset-key=\"aglft-0-0\">\n<div class=\"_1mf _1mj\" data-offset-key=\"aglft-0-0\"><span data-offset-key=\"aglft-0-0\"><span data-text=\"true\">&#8211; zbi\u00f3rka godzina 9.00 \/\/ odjazd 9.15<\/span><\/span><\/div>\n<\/div>\n<div class=\"\" data-block=\"true\" data-editor=\"8756s\" data-offset-key=\"ban53-0-0\">\n<div class=\"_1mf _1mj\" data-offset-key=\"ban53-0-0\"><span data-offset-key=\"ban53-0-0\"><span data-text=\"true\">? Opcja II &#8211; Leszno ul. Le\u015bna 13 \/ Parking przy Szkole Podst.\/<\/span><\/span><\/div>\n<\/div>\n<div class=\"\" data-block=\"true\" data-editor=\"8756s\" data-offset-key=\"eitv3-0-0\">\n<div class=\"_1mf _1mj\" data-offset-key=\"eitv3-0-0\"><span data-offset-key=\"eitv3-0-0\"><span data-text=\"true\">&#8211; zbi\u00f3rka godzina 9.50 \/\/ odjazd 10.00<\/span><\/span><\/div>\n<\/div>\n<div class=\"\" data-block=\"true\" data-editor=\"8756s\" data-offset-key=\"f78ua-0-0\">\n<div class=\"_1mf _1mj\" data-offset-key=\"f78ua-0-0\"><span data-offset-key=\"f78ua-0-0\">\u00a0<\/span><\/div>\n<\/div>\n<div class=\"\" data-block=\"true\" data-editor=\"8756s\" data-offset-key=\"eljs4-0-0\">\n<div class=\"_1mf _1mj\" data-offset-key=\"eljs4-0-0\"><span data-offset-key=\"eljs4-0-0\"><span data-text=\"true\">\u2705 Na ob\u00f3z \/w tym na podr\u00f3\u017c\/ nie zabieramy chips\u00f3w, coca coli ani innych mocno gazowanych napoj\u00f3w. <\/span><\/span><\/div>\n<\/div>\n<div class=\"\" data-block=\"true\" data-editor=\"8756s\" data-offset-key=\"bg4pd-0-0\">\n<div class=\"_1mf _1mj\" data-offset-key=\"bg4pd-0-0\"><span data-offset-key=\"bg4pd-0-0\">\u00a0<\/span><\/div>\n<\/div>\n<div class=\"\" data-block=\"true\" data-editor=\"8756s\" data-offset-key=\"rd8r-0-0\">\n<div class=\"_1mf _1mj\" data-offset-key=\"rd8r-0-0\"><span data-offset-key=\"rd8r-0-0\"><span data-text=\"true\">? Ob\u00f3z zosta\u0142 zg\u0142oszony w Bazie Wypoczynku Kuratorium O\u015bwiaty<\/span><\/span><\/div>\n<\/div>\n<div class=\"\" data-block=\"true\" data-editor=\"8756s\" data-offset-key=\"8do5q-0-0\">\n<div class=\"_1mf _1mj\" data-offset-key=\"8do5q-0-0\"><span data-offset-key=\"8do5q-0-0\"><span data-text=\"true\">Dane Kontaktowe Wychowawc\u00f3w<\/span><\/span><\/div>\n<\/div>\n<div class=\"\" data-block=\"true\" data-editor=\"8756s\" data-offset-key=\"97t9l-0-0\">\n<div class=\"_1mf _1mj\" data-offset-key=\"97t9l-0-0\"><span data-offset-key=\"97t9l-0-0\"><span data-text=\"true\">\u0141ukasz Klimczewski &#8211; 608 661 245<\/span><\/span><\/div>\n<\/div>\n<div class=\"\" data-block=\"true\" data-editor=\"8756s\" data-offset-key=\"fbakp-0-0\">\n<div class=\"_1mf _1mj\" data-offset-key=\"fbakp-0-0\"><span data-offset-key=\"fbakp-0-0\"><span data-text=\"true\">Monika Klimczewska &#8211; 666 341 465<\/span><\/span><\/div>\n<\/div>\n<div class=\"\" data-block=\"true\" data-editor=\"8756s\" data-offset-key=\"2coda-0-0\">\n<div class=\"_1mf _1mj\" data-offset-key=\"2coda-0-0\"><span data-offset-key=\"2coda-0-0\"><span data-text=\"true\">Agnieszka Barszcz &#8211; 798 107 689<\/span><\/span><\/div>\n<\/div>\n<div class=\"\" data-block=\"true\" data-editor=\"8756s\" data-offset-key=\"8bvff-0-0\">\n<div class=\"_1mf _1mj\" data-offset-key=\"8bvff-0-0\"><span data-offset-key=\"8bvff-0-0\"><span data-text=\"true\">Kierownik Obozu &#8211; Jerzy Szcz\u0105chor<\/span><\/span><\/div>\n<\/div>\n<div class=\"\" data-block=\"true\" data-editor=\"8756s\" data-offset-key=\"6if71-0-0\">\n<div class=\"_1mf _1mj\" data-offset-key=\"6if71-0-0\"><span data-offset-key=\"6if71-0-0\">\u00a0<\/span><\/div>\n<\/div>\n<div class=\"\" data-block=\"true\" data-editor=\"8756s\" data-offset-key=\"5ana5-0-0\">\n<div class=\"_1mf _1mj\" data-offset-key=\"5ana5-0-0\"><span data-offset-key=\"5ana5-0-0\"><span data-text=\"true\">Powr\u00f3t 6 lipca w te same miesjca, z kt\u00f3rych odje\u017cd\u017camy, godziny popo\u0142udniowe \/ b\u0119dziemy pa\u0144stwa informowa\u0107 o zbli\u017conej godzinie dojazdu \/<\/span><\/span><\/div>\n<\/div>\n<div class=\"_1mf _1mj\" data-offset-key=\"5ana5-0-0\"><\/div>\n<div class=\"_1mf _1mj\" data-offset-key=\"5ana5-0-0\">W razie pyta\u0144 prosz\u0119 o kontakt 608 661 245<\/div>\n","protected":false},"excerpt":{"rendered":"<p>DOKUMENTY Najp\u00f3\u017aniej w dniu wyjazdu dostarczamy do Wychowawcy wype\u0142nion\u0105 przez Rodzic\u00f3w Kart\u0119 uczetsnika obozu\/karta kwalifikacyjne\/ , O\u015bwiadczenie nr 1, oraz Regulamin. Dokumenty mo\u017cna dostarczy\u0107 w tym tygodniu na treningu. Druki mo\u017cna pobra\u0107 z link\u00f3w zamieszczonych poni\u017cej. Druki b\u0119d\u0105 r\u00f3wnie\u017c rozdane na treningu przez Instruktora. karta kwalifikacyjna Jantar 2021 Oswiadczenie nr 1 Oboz Letni Regulamin Obozu Letniego Na ob\u00f3z LETNI zabieramy:<\/p>\n","protected":false},"author":1,"featured_media":0,"comment_status":"closed","ping_status":"closed","sticky":false,"template":"","format":"standard","meta":[],"categories":[1,18],"tags":[],"_links":{"self":[{"href":"http:\/\/www.karate-sochaczew.pl\/index.php\/wp-json\/wp\/v2\/posts\/1733"}],"collection":[{"href":"http:\/\/www.karate-sochaczew.pl\/index.php\/wp-json\/wp\/v2\/posts"}],"about":[{"href":"http:\/\/www.karate-sochaczew.pl\/index.php\/wp-json\/wp\/v2\/types\/post"}],"author":[{"embeddable":true,"href":"http:\/\/www.karate-sochaczew.pl\/index.php\/wp-json\/wp\/v2\/users\/1"}],"replies":[{"embeddable":true,"href":"http:\/\/www.karate-sochaczew.pl\/index.php\/wp-json\/wp\/v2\/comments?post=1733"}],"version-history":[{"count":4,"href":"http:\/\/www.karate-sochaczew.pl\/index.php\/wp-json\/wp\/v2\/posts\/1733\/revisions"}],"predecessor-version":[{"id":2231,"href":"http:\/\/www.karate-sochaczew.pl\/index.php\/wp-json\/wp\/v2\/posts\/1733\/revisions\/2231"}],"wp:attachment":[{"href":"http:\/\/www.karate-sochaczew.pl\/index.php\/wp-json\/wp\/v2\/media?parent=1733"}],"wp:term":[{"taxonomy":"category","embeddable":true,"href":"http:\/\/www.karate-sochaczew.pl\/index.php\/wp-json\/wp\/v2\/categories?post=1733"},{"taxonomy":"post_tag","embeddable":true,"href":"http:\/\/www.karate-sochaczew.pl\/index.php\/wp-json\/wp\/v2\/tags?post=1733"}],"curies":[{"name":"wp","href":"https:\/\/api.w.org\/{rel}","templated":true}]}}