{"id":1757,"date":"2021-07-18T20:33:44","date_gmt":"2021-07-18T18:33:44","guid":{"rendered":"http:\/\/www.karate-sochaczew.pl\/?p=1757"},"modified":"2021-07-26T21:12:57","modified_gmt":"2021-07-26T19:12:57","slug":"polkolonie-wakacje-z-karate-2021","status":"publish","type":"post","link":"http:\/\/www.karate-sochaczew.pl\/index.php\/2021\/07\/18\/polkolonie-wakacje-z-karate-2021\/","title":{"rendered":"P\u00f3\u0142kolonie II turnus &#8211; Wakacje z KARATE 2021"},"content":{"rendered":"<p>II turnus p\u00f3\u0142kolonii ??Wakacje z Karate 2021 zaczynamy ju\u017c 2 sierpnia 2021r.<\/p>\n<p>Nasza BAZA &#8211; w S.P. nr 2 Sochaczew ul. 15 sierpnia 44.<\/p>\n<ul>\n<li>Zbi\u00f3rka dzieci\u00a0<span style=\"text-decoration: underline;\">8.00 &#8211; 8.30 \/ instruktorzy b\u0119d\u0105 co najmniej kwadrans wcze\u015bniej \/<\/span><\/li>\n<li>Odbi\u00f3r dzieci\u00a0<span style=\"text-decoration: underline;\">16.00-16.30<\/span>\u00a0\/ po uprzedzeniu odbi\u00f3r mo\u017ce by\u0107 wcze\u015bniej\/<\/li>\n<li>Dzieci zabra\u0107 ze sob\u0105 powinny: maseczk\u0119 \/mo\u017ce by\u0107 konieczno\u015b\u0107 u\u017cycia przy wyj\u015bciach\/, obuwie na zmian\u0119, str\u00f3j sportowy, drugie \u015bniadanie \/ wedle uznania kto co lubi \ud83d\ude42 \/ Prosimy o podpisanie ubra\u0144, kimon.<\/li>\n<li>W czasie p\u00f3\u0142kolonii obowi\u0105zuje zakaz jedzenia chips\u00f3w itp oraz picia coli itp. gazowa\u0144c\u00f3w \/ wyj\u0105tekiem mo\u017ce by\u0107 wyj\u015bcie do kina \/<\/li>\n<li>W dniu wyjazdu do kina, mo\u017cna da\u0107 dzieciom kieszonkowe na nap\u00f3j, popcorn itp.<\/li>\n<li>P\u00f3\u0142kolonia zg\u0142oszona jest do Kuratorium O\u015bwiaty<\/li>\n<li>Kadra &#8211; \u0141ukasz Klimczewski, Damin Falkowski, Monika Klimczewska<\/li>\n<li>Przypominamy, \u017ce na p\u00f3\u0142kolonie Dzieci przychodz\u0105 zdrowe. Prosimy informowa\u0107 nas o ka\u017cdym niepokoj\u0105cym Pa\u0144stwa fakcie<\/li>\n<li>Je\u017celi, kt\u00f3re\u015b dziecko stosuje specjaln\u0105 diet\u0119 prosimy o informacj\u0119<\/li>\n<li>Doka\u0142dny grafik p\u00f3\u0142kolonii podamy najp\u00f3\u017aniej do \u015brody 21 lipca.<\/li>\n<\/ul>\n<p><strong>Dokumenty<\/strong>: prosimy o wype\u0142nienie karty kwalifikacyjnej, regulaminu oraz o\u015bwiadczenia, kt\u00f3re znajduj\u0105 si\u0119 poni\u017cej do \u015bci\u0105gni\u0119cia. Isteieje mo\u017cliwo\u015b\u0107 odebrania druk\u00f3w u instruktora na treningu.<\/p>\n<p>Dokumenty dostarczamy w pierwszym dniu p\u00f3\u0142kolonii do Instruktora wraz z drug\u0105 rat\u0105 300 z\u0142.<\/p>\n<p>&nbsp;<\/p>\n<p><a href=\"http:\/\/www.karate-sochaczew.pl\/wp-content\/uploads\/2021\/07\/Karta-kwalifikacyjna-Polkolonie-z-Karate-2021.doc\">Karta kwalifikacyjna Polkolonie z Karate 2021<\/a><\/p>\n<p><a href=\"http:\/\/www.karate-sochaczew.pl\/wp-content\/uploads\/2021\/07\/Oswiadczenie-nr-1-Polkolonie.pdf\">Oswiadczenie nr 1 Polkolonie<\/a><\/p>\n<p><a href=\"http:\/\/www.karate-sochaczew.pl\/wp-content\/uploads\/2021\/07\/Regulamin-Obozu-polkolonii.pdf\">Regulamin Obozu polkolonii<\/a><\/p>\n<p>&nbsp;<\/p>\n<p>&nbsp;<\/p>\n<p><img decoding=\"async\" loading=\"lazy\" class=\"aligncenter size-full wp-image-1777\" src=\"http:\/\/www.karate-sochaczew.pl\/wp-content\/uploads\/2021\/07\/Wakacje-z-Karate-Turnus-II-turnus.png\" alt=\"Wakacje z Karate Turnus II turnus\" width=\"1587\" height=\"2245\" srcset=\"http:\/\/www.karate-sochaczew.pl\/wp-content\/uploads\/2021\/07\/Wakacje-z-Karate-Turnus-II-turnus.png 1587w, http:\/\/www.karate-sochaczew.pl\/wp-content\/uploads\/2021\/07\/Wakacje-z-Karate-Turnus-II-turnus-212x300.png 212w, http:\/\/www.karate-sochaczew.pl\/wp-content\/uploads\/2021\/07\/Wakacje-z-Karate-Turnus-II-turnus-768x1086.png 768w, http:\/\/www.karate-sochaczew.pl\/wp-content\/uploads\/2021\/07\/Wakacje-z-Karate-Turnus-II-turnus-724x1024.png 724w\" sizes=\"(max-width: 1587px) 100vw, 1587px\" \/><\/p>\n<p>W poniedzia\u0142ek ruszamy z P\u00d3\u0141KOLONIAMI z KARATE \/ Turnus II \/, prosz\u0119 zarezerwowa\u0107 5 minut wi\u0119cej na dojazd\/doj\u015bcie do szko\u0142y.<\/p>\n<p>Z racji trwaj\u0105cego remontu ul. 15 sierpnia, mo\u017cliwy dojazd na P\u00f3\u0142kolonie od ul. \u0141uszczewskich \/ tam powinna by\u0107 mo\u017cliwo\u015b\u0107 pozostawienia chocia\u017cby auta \/<\/p>\n<p>W zale\u017cno\u015bci od zaawansowania prac bywa, \u017ce jest mo\u017cliwo\u015b\u0107 dojazdu bezpo\u015brednio do Szko\u0142y, radzimy jednak\u00a0 zaparkowa\u0107 dalej i doj\u015b\u0107 bezpo\u015brednio do Szko\u0142y.<\/p>\n<p>Prosz\u0119 pami\u0119ta\u0107 o dokumentach \/Karta,O\u015bwiadczenie,Regulamin &#8211; do \u015bci\u0105gni\u0119cia z wcze\u015bniejszego posta \/ &#8211; je\u017celi kto\u015b nie odbra\u0142 druk\u00f3w na treningu b\u0105d\u017a niema mo\u017cliwo\u015bci wydruku, dokumenty b\u0119dzie mo\u017cna wype\u0142ni\u0107 na miejscu.<\/p>\n<p><img decoding=\"async\" loading=\"lazy\" class=\"aligncenter size-full wp-image-1769\" src=\"http:\/\/www.karate-sochaczew.pl\/wp-content\/uploads\/2021\/07\/roboty-drogowe.jpg\" alt=\"roboty drogowe\" width=\"450\" height=\"450\" srcset=\"http:\/\/www.karate-sochaczew.pl\/wp-content\/uploads\/2021\/07\/roboty-drogowe.jpg 450w, http:\/\/www.karate-sochaczew.pl\/wp-content\/uploads\/2021\/07\/roboty-drogowe-150x150.jpg 150w, http:\/\/www.karate-sochaczew.pl\/wp-content\/uploads\/2021\/07\/roboty-drogowe-300x300.jpg 300w\" sizes=\"(max-width: 450px) 100vw, 450px\" \/><\/p>\n","protected":false},"excerpt":{"rendered":"<p>II turnus p\u00f3\u0142kolonii ??Wakacje z Karate 2021 zaczynamy ju\u017c 2 sierpnia 2021r. Nasza BAZA &#8211; w S.P. nr 2 Sochaczew ul. 15 sierpnia 44. Zbi\u00f3rka dzieci\u00a08.00 &#8211; 8.30 \/ instruktorzy b\u0119d\u0105 co najmniej kwadrans wcze\u015bniej \/ Odbi\u00f3r dzieci\u00a016.00-16.30\u00a0\/ po uprzedzeniu odbi\u00f3r mo\u017ce by\u0107 wcze\u015bniej\/ Dzieci zabra\u0107 ze sob\u0105 powinny: maseczk\u0119 \/mo\u017ce by\u0107 konieczno\u015b\u0107 u\u017cycia przy wyj\u015bciach\/, obuwie na zmian\u0119, str\u00f3j<\/p>\n","protected":false},"author":1,"featured_media":0,"comment_status":"closed","ping_status":"closed","sticky":false,"template":"","format":"standard","meta":[],"categories":[1],"tags":[],"_links":{"self":[{"href":"http:\/\/www.karate-sochaczew.pl\/index.php\/wp-json\/wp\/v2\/posts\/1757"}],"collection":[{"href":"http:\/\/www.karate-sochaczew.pl\/index.php\/wp-json\/wp\/v2\/posts"}],"about":[{"href":"http:\/\/www.karate-sochaczew.pl\/index.php\/wp-json\/wp\/v2\/types\/post"}],"author":[{"embeddable":true,"href":"http:\/\/www.karate-sochaczew.pl\/index.php\/wp-json\/wp\/v2\/users\/1"}],"replies":[{"embeddable":true,"href":"http:\/\/www.karate-sochaczew.pl\/index.php\/wp-json\/wp\/v2\/comments?post=1757"}],"version-history":[{"count":8,"href":"http:\/\/www.karate-sochaczew.pl\/index.php\/wp-json\/wp\/v2\/posts\/1757\/revisions"}],"predecessor-version":[{"id":1780,"href":"http:\/\/www.karate-sochaczew.pl\/index.php\/wp-json\/wp\/v2\/posts\/1757\/revisions\/1780"}],"wp:attachment":[{"href":"http:\/\/www.karate-sochaczew.pl\/index.php\/wp-json\/wp\/v2\/media?parent=1757"}],"wp:term":[{"taxonomy":"category","embeddable":true,"href":"http:\/\/www.karate-sochaczew.pl\/index.php\/wp-json\/wp\/v2\/categories?post=1757"},{"taxonomy":"post_tag","embeddable":true,"href":"http:\/\/www.karate-sochaczew.pl\/index.php\/wp-json\/wp\/v2\/tags?post=1757"}],"curies":[{"name":"wp","href":"https:\/\/api.w.org\/{rel}","templated":true}]}}