{"id":1790,"date":"2021-08-31T18:32:39","date_gmt":"2021-08-31T16:32:39","guid":{"rendered":"http:\/\/www.karate-sochaczew.pl\/?p=1790"},"modified":"2021-08-31T18:32:39","modified_gmt":"2021-08-31T16:32:39","slug":"oboz-kadry-wojewodzkiej-jantar-2021","status":"publish","type":"post","link":"http:\/\/www.karate-sochaczew.pl\/index.php\/2021\/08\/31\/oboz-kadry-wojewodzkiej-jantar-2021\/","title":{"rendered":"Ob\u00f3z Kadry Wojew\u00f3dzkiej JANTAR 2021"},"content":{"rendered":"<p>W drugiej po\u0142owie sierpnia w Jantarze odby\u0142 si\u0119 ob\u00f3z szkoleniowy kadry wojew\u00f3dztwa mazowieckiego w karate tradycyjnym. W obozie udzia\u0142 wzi\u0119\u0142o pi\u0119cioro karatek\u00f3w z Karate Klub Sochaczew<\/p>\n<p>?Anna Wysocka<\/p>\n<p>?Weronika Wilczy\u0144ska<\/p>\n<p>? Patrycja Wilczy\u0144ska<\/p>\n<p>? Marcel Kawecki<\/p>\n<p>? Bartosz Sa\u0142aci\u0144ski<\/p>\n<p>Jednym z trener\u00f3w na obozie by\u0142 g\u0142\u00f3wny szkoleniowiec w naszym klubie sensei ? \u0141ukasz Klimczewski.<\/p>\n<p><img decoding=\"async\" loading=\"lazy\" class=\"aligncenter size-full wp-image-1788\" src=\"http:\/\/www.karate-sochaczew.pl\/wp-content\/uploads\/2021\/08\/IMG_20210826_162914.jpg\" alt=\"IMG_20210826_162914\" width=\"3120\" height=\"4160\" srcset=\"http:\/\/www.karate-sochaczew.pl\/wp-content\/uploads\/2021\/08\/IMG_20210826_162914.jpg 3120w, http:\/\/www.karate-sochaczew.pl\/wp-content\/uploads\/2021\/08\/IMG_20210826_162914-225x300.jpg 225w, http:\/\/www.karate-sochaczew.pl\/wp-content\/uploads\/2021\/08\/IMG_20210826_162914-768x1024.jpg 768w\" sizes=\"(max-width: 3120px) 100vw, 3120px\" \/><\/p>\n<p>&nbsp;<\/p>\n<p><img decoding=\"async\" loading=\"lazy\" class=\"aligncenter size-full wp-image-1787\" src=\"http:\/\/www.karate-sochaczew.pl\/wp-content\/uploads\/2021\/08\/IMG_20210826_200719.jpg\" alt=\"IMG_20210826_200719\" width=\"4160\" height=\"3120\" srcset=\"http:\/\/www.karate-sochaczew.pl\/wp-content\/uploads\/2021\/08\/IMG_20210826_200719.jpg 4160w, http:\/\/www.karate-sochaczew.pl\/wp-content\/uploads\/2021\/08\/IMG_20210826_200719-300x225.jpg 300w, http:\/\/www.karate-sochaczew.pl\/wp-content\/uploads\/2021\/08\/IMG_20210826_200719-768x576.jpg 768w, http:\/\/www.karate-sochaczew.pl\/wp-content\/uploads\/2021\/08\/IMG_20210826_200719-1024x768.jpg 1024w\" sizes=\"(max-width: 4160px) 100vw, 4160px\" \/><\/p>\n<p>&nbsp;<\/p>\n","protected":false},"excerpt":{"rendered":"<p>W drugiej po\u0142owie sierpnia w Jantarze odby\u0142 si\u0119 ob\u00f3z szkoleniowy kadry wojew\u00f3dztwa mazowieckiego w karate tradycyjnym. W obozie udzia\u0142 wzi\u0119\u0142o pi\u0119cioro karatek\u00f3w z Karate Klub Sochaczew ?Anna Wysocka ?Weronika Wilczy\u0144ska ? Patrycja Wilczy\u0144ska ? Marcel Kawecki ? Bartosz Sa\u0142aci\u0144ski Jednym z trener\u00f3w na obozie by\u0142 g\u0142\u00f3wny szkoleniowiec w naszym klubie sensei ? \u0141ukasz Klimczewski. &nbsp; &nbsp;<\/p>\n","protected":false},"author":1,"featured_media":0,"comment_status":"closed","ping_status":"closed","sticky":false,"template":"","format":"standard","meta":[],"categories":[1],"tags":[],"_links":{"self":[{"href":"http:\/\/www.karate-sochaczew.pl\/index.php\/wp-json\/wp\/v2\/posts\/1790"}],"collection":[{"href":"http:\/\/www.karate-sochaczew.pl\/index.php\/wp-json\/wp\/v2\/posts"}],"about":[{"href":"http:\/\/www.karate-sochaczew.pl\/index.php\/wp-json\/wp\/v2\/types\/post"}],"author":[{"embeddable":true,"href":"http:\/\/www.karate-sochaczew.pl\/index.php\/wp-json\/wp\/v2\/users\/1"}],"replies":[{"embeddable":true,"href":"http:\/\/www.karate-sochaczew.pl\/index.php\/wp-json\/wp\/v2\/comments?post=1790"}],"version-history":[{"count":1,"href":"http:\/\/www.karate-sochaczew.pl\/index.php\/wp-json\/wp\/v2\/posts\/1790\/revisions"}],"predecessor-version":[{"id":1791,"href":"http:\/\/www.karate-sochaczew.pl\/index.php\/wp-json\/wp\/v2\/posts\/1790\/revisions\/1791"}],"wp:attachment":[{"href":"http:\/\/www.karate-sochaczew.pl\/index.php\/wp-json\/wp\/v2\/media?parent=1790"}],"wp:term":[{"taxonomy":"category","embeddable":true,"href":"http:\/\/www.karate-sochaczew.pl\/index.php\/wp-json\/wp\/v2\/categories?post=1790"},{"taxonomy":"post_tag","embeddable":true,"href":"http:\/\/www.karate-sochaczew.pl\/index.php\/wp-json\/wp\/v2\/tags?post=1790"}],"curies":[{"name":"wp","href":"https:\/\/api.w.org\/{rel}","templated":true}]}}