{"id":1795,"date":"2021-09-01T17:42:14","date_gmt":"2021-09-01T15:42:14","guid":{"rendered":"http:\/\/www.karate-sochaczew.pl\/?p=1795"},"modified":"2021-09-01T17:44:06","modified_gmt":"2021-09-01T15:44:06","slug":"wstepny-harmonogram-zajec-20212022","status":"publish","type":"post","link":"http:\/\/www.karate-sochaczew.pl\/index.php\/2021\/09\/01\/wstepny-harmonogram-zajec-20212022\/","title":{"rendered":"Wstepny Harmonogram zaj\u0119\u0107 2021\/2022"},"content":{"rendered":"<div dir=\"auto\"><span class=\"pq6dq46d tbxw36s4 knj5qynh kvgmc6g5 ditlmg2l oygrvhab nvdbi5me sf5mxxl7 gl3lb2sf hhz5lgdu\"><img decoding=\"async\" loading=\"lazy\" src=\"https:\/\/www.facebook.com\/images\/emoji.php\/v9\/t39\/1\/16\/1f4e2.png\" alt=\"?\" width=\"16\" height=\"16\" \/><\/span><span class=\"pq6dq46d tbxw36s4 knj5qynh kvgmc6g5 ditlmg2l oygrvhab nvdbi5me sf5mxxl7 gl3lb2sf hhz5lgdu\"><img decoding=\"async\" loading=\"lazy\" src=\"https:\/\/www.facebook.com\/images\/emoji.php\/v9\/tdc\/1\/16\/26a0.png\" alt=\"\u26a0\" width=\"16\" height=\"16\" \/><\/span><span class=\"pq6dq46d tbxw36s4 knj5qynh kvgmc6g5 ditlmg2l oygrvhab nvdbi5me sf5mxxl7 gl3lb2sf hhz5lgdu\"><img decoding=\"async\" loading=\"lazy\" src=\"https:\/\/www.facebook.com\/images\/emoji.php\/v9\/t39\/1\/16\/1f4e2.png\" alt=\"?\" width=\"16\" height=\"16\" \/><\/span>UWAGA<span class=\"pq6dq46d tbxw36s4 knj5qynh kvgmc6g5 ditlmg2l oygrvhab nvdbi5me sf5mxxl7 gl3lb2sf hhz5lgdu\"><img decoding=\"async\" loading=\"lazy\" src=\"https:\/\/www.facebook.com\/images\/emoji.php\/v9\/tdc\/1\/16\/26a0.png\" alt=\"\u26a0\" width=\"16\" height=\"16\" \/><\/span><span class=\"pq6dq46d tbxw36s4 knj5qynh kvgmc6g5 ditlmg2l oygrvhab nvdbi5me sf5mxxl7 gl3lb2sf hhz5lgdu\"><img decoding=\"async\" loading=\"lazy\" src=\"https:\/\/www.facebook.com\/images\/emoji.php\/v9\/t39\/1\/16\/1f4e2.png\" alt=\"?\" width=\"16\" height=\"16\" \/><\/span><span class=\"pq6dq46d tbxw36s4 knj5qynh kvgmc6g5 ditlmg2l oygrvhab nvdbi5me sf5mxxl7 gl3lb2sf hhz5lgdu\"><img decoding=\"async\" loading=\"lazy\" src=\"https:\/\/www.facebook.com\/images\/emoji.php\/v9\/tdc\/1\/16\/26a0.png\" alt=\"\u26a0\" width=\"16\" height=\"16\" \/><\/span> GOTOWI do STARTU<span class=\"pq6dq46d tbxw36s4 knj5qynh kvgmc6g5 ditlmg2l oygrvhab nvdbi5me sf5mxxl7 gl3lb2sf hhz5lgdu\"><img decoding=\"async\" loading=\"lazy\" src=\"https:\/\/www.facebook.com\/images\/emoji.php\/v9\/tec\/1\/16\/2049.png\" alt=\"\u2049\ufe0f\" width=\"16\" height=\"16\" \/><\/span> Od \u015brody 8 wrze\u015bnia ruszamy z naszymi zaj\u0119ciami<span class=\"pq6dq46d tbxw36s4 knj5qynh kvgmc6g5 ditlmg2l oygrvhab nvdbi5me sf5mxxl7 gl3lb2sf hhz5lgdu\"><img decoding=\"async\" loading=\"lazy\" src=\"https:\/\/www.facebook.com\/images\/emoji.php\/v9\/t3f\/1\/16\/1f94b.png\" alt=\"?\" width=\"16\" height=\"16\" \/><\/span><span class=\"pq6dq46d tbxw36s4 knj5qynh kvgmc6g5 ditlmg2l oygrvhab nvdbi5me sf5mxxl7 gl3lb2sf hhz5lgdu\"><img decoding=\"async\" loading=\"lazy\" src=\"https:\/\/www.facebook.com\/images\/emoji.php\/v9\/t6c\/1\/16\/1f4aa.png\" alt=\"?\" width=\"16\" height=\"16\" \/><\/span>. Poni\u017cej podajemy miejsca, w kt\u00f3rych mo\u017cecie trenowa\u0107 KARATE razem z nami<span class=\"pq6dq46d tbxw36s4 knj5qynh kvgmc6g5 ditlmg2l oygrvhab nvdbi5me sf5mxxl7 gl3lb2sf hhz5lgdu\"><img decoding=\"async\" loading=\"lazy\" src=\"https:\/\/www.facebook.com\/images\/emoji.php\/v9\/tfc\/1\/16\/1f44d.png\" alt=\"?\" width=\"16\" height=\"16\" \/><\/span><\/div>\n<div dir=\"auto\"><span class=\"pq6dq46d tbxw36s4 knj5qynh kvgmc6g5 ditlmg2l oygrvhab nvdbi5me sf5mxxl7 gl3lb2sf hhz5lgdu\"><img decoding=\"async\" loading=\"lazy\" src=\"https:\/\/www.facebook.com\/images\/emoji.php\/v9\/t33\/1\/16\/2705.png\" alt=\"\u2705\" width=\"16\" height=\"16\" \/><\/span><span class=\"pq6dq46d tbxw36s4 knj5qynh kvgmc6g5 ditlmg2l oygrvhab nvdbi5me sf5mxxl7 gl3lb2sf hhz5lgdu\"><img decoding=\"async\" loading=\"lazy\" src=\"https:\/\/www.facebook.com\/images\/emoji.php\/v9\/t51\/1\/16\/1f449.png\" alt=\"?\" width=\"16\" height=\"16\" \/><\/span> Szko\u0142a Podstawowa nr 1 w Sochaczewie ul. R. Kaczorowskiego 7<\/div>\n<div dir=\"auto\"><span class=\"pq6dq46d tbxw36s4 knj5qynh kvgmc6g5 ditlmg2l oygrvhab nvdbi5me sf5mxxl7 gl3lb2sf hhz5lgdu\"><img decoding=\"async\" loading=\"lazy\" src=\"https:\/\/www.facebook.com\/images\/emoji.php\/v9\/t33\/1\/16\/2705.png\" alt=\"\u2705\" width=\"16\" height=\"16\" \/><\/span><span class=\"pq6dq46d tbxw36s4 knj5qynh kvgmc6g5 ditlmg2l oygrvhab nvdbi5me sf5mxxl7 gl3lb2sf hhz5lgdu\"><img decoding=\"async\" loading=\"lazy\" src=\"https:\/\/www.facebook.com\/images\/emoji.php\/v9\/t51\/1\/16\/1f449.png\" alt=\"?\" width=\"16\" height=\"16\" \/><\/span> Szko\u0142a Podstawowa nr 2 w Sochaczewie ul. 15 Sierpnia 44<\/div>\n<div dir=\"auto\"><span class=\"pq6dq46d tbxw36s4 knj5qynh kvgmc6g5 ditlmg2l oygrvhab nvdbi5me sf5mxxl7 gl3lb2sf hhz5lgdu\"><img decoding=\"async\" loading=\"lazy\" src=\"https:\/\/www.facebook.com\/images\/emoji.php\/v9\/t33\/1\/16\/2705.png\" alt=\"\u2705\" width=\"16\" height=\"16\" \/><\/span><span class=\"pq6dq46d tbxw36s4 knj5qynh kvgmc6g5 ditlmg2l oygrvhab nvdbi5me sf5mxxl7 gl3lb2sf hhz5lgdu\"><img decoding=\"async\" loading=\"lazy\" src=\"https:\/\/www.facebook.com\/images\/emoji.php\/v9\/t51\/1\/16\/1f449.png\" alt=\"?\" width=\"16\" height=\"16\" \/><\/span> Szko\u0142a Podstawowa nr 6 w Sochaczewie ul. Staszica 106<\/div>\n<div dir=\"auto\"><span class=\"pq6dq46d tbxw36s4 knj5qynh kvgmc6g5 ditlmg2l oygrvhab nvdbi5me sf5mxxl7 gl3lb2sf hhz5lgdu\"><img decoding=\"async\" loading=\"lazy\" src=\"https:\/\/www.facebook.com\/images\/emoji.php\/v9\/t33\/1\/16\/2705.png\" alt=\"\u2705\" width=\"16\" height=\"16\" \/><\/span><span class=\"pq6dq46d tbxw36s4 knj5qynh kvgmc6g5 ditlmg2l oygrvhab nvdbi5me sf5mxxl7 gl3lb2sf hhz5lgdu\"><img decoding=\"async\" loading=\"lazy\" src=\"https:\/\/www.facebook.com\/images\/emoji.php\/v9\/t51\/1\/16\/1f449.png\" alt=\"?\" width=\"16\" height=\"16\" \/><\/span> Szko\u0142a Podstawowa w Brochowie<\/div>\n<div dir=\"auto\"><span class=\"pq6dq46d tbxw36s4 knj5qynh kvgmc6g5 ditlmg2l oygrvhab nvdbi5me sf5mxxl7 gl3lb2sf hhz5lgdu\"><img decoding=\"async\" loading=\"lazy\" src=\"https:\/\/www.facebook.com\/images\/emoji.php\/v9\/t33\/1\/16\/2705.png\" alt=\"\u2705\" width=\"16\" height=\"16\" \/><\/span><span class=\"pq6dq46d tbxw36s4 knj5qynh kvgmc6g5 ditlmg2l oygrvhab nvdbi5me sf5mxxl7 gl3lb2sf hhz5lgdu\"><img decoding=\"async\" loading=\"lazy\" src=\"https:\/\/www.facebook.com\/images\/emoji.php\/v9\/t51\/1\/16\/1f449.png\" alt=\"?\" width=\"16\" height=\"16\" \/><\/span> Szko\u0142a Podstawowa w Lesznie ul. Le\u015bna 13<\/div>\n<div dir=\"auto\"><span class=\"pq6dq46d tbxw36s4 knj5qynh kvgmc6g5 ditlmg2l oygrvhab nvdbi5me sf5mxxl7 gl3lb2sf hhz5lgdu\"><img decoding=\"async\" loading=\"lazy\" src=\"https:\/\/www.facebook.com\/images\/emoji.php\/v9\/t33\/1\/16\/2705.png\" alt=\"\u2705\" width=\"16\" height=\"16\" \/><\/span><span class=\"pq6dq46d tbxw36s4 knj5qynh kvgmc6g5 ditlmg2l oygrvhab nvdbi5me sf5mxxl7 gl3lb2sf hhz5lgdu\"><img decoding=\"async\" loading=\"lazy\" src=\"https:\/\/www.facebook.com\/images\/emoji.php\/v9\/t51\/1\/16\/1f449.png\" alt=\"?\" width=\"16\" height=\"16\" \/><\/span> MOSiR Sochaczew ul. Chopina 101 \/KADRA KLUBU\/<\/div>\n<div dir=\"auto\"><span class=\"pq6dq46d tbxw36s4 knj5qynh kvgmc6g5 ditlmg2l oygrvhab nvdbi5me sf5mxxl7 gl3lb2sf hhz5lgdu\"><img decoding=\"async\" loading=\"lazy\" src=\"https:\/\/www.facebook.com\/images\/emoji.php\/v9\/te1\/1\/16\/26e9.png\" alt=\"\u26e9\" width=\"16\" height=\"16\" \/><\/span> Grupa PRZEDSZKOLNA &#8211; Zapraszamy dzieci od 4 roku \u017cycia<\/div>\n<div dir=\"auto\"><span class=\"pq6dq46d tbxw36s4 knj5qynh kvgmc6g5 ditlmg2l oygrvhab nvdbi5me sf5mxxl7 gl3lb2sf hhz5lgdu\"><img decoding=\"async\" loading=\"lazy\" src=\"https:\/\/www.facebook.com\/images\/emoji.php\/v9\/te1\/1\/16\/26e9.png\" alt=\"\u26e9\" width=\"16\" height=\"16\" \/><\/span> Grupy SZKOLNE &#8211; Zapraszamy dzieci od 6-7 roku \u017cycia i starsze<\/div>\n<div dir=\"auto\"><span class=\"pq6dq46d tbxw36s4 knj5qynh kvgmc6g5 ditlmg2l oygrvhab nvdbi5me sf5mxxl7 gl3lb2sf hhz5lgdu\"><img decoding=\"async\" loading=\"lazy\" src=\"https:\/\/www.facebook.com\/images\/emoji.php\/v9\/te1\/1\/16\/26e9.png\" alt=\"\u26e9\" width=\"16\" height=\"16\" \/><\/span> Grupa DORO\u015aLI &#8211; Zapraszamy osoby w wieku powy\u017cej 16 roku \u017cycia, szczeg\u00f3lnie zapraszamy Rodzic\u00f3w naszych najm\u0142odszych Klubowicz\u00f3w.<\/div>\n<div dir=\"auto\"><span class=\"pq6dq46d tbxw36s4 knj5qynh kvgmc6g5 ditlmg2l oygrvhab nvdbi5me sf5mxxl7 gl3lb2sf hhz5lgdu\"><img decoding=\"async\" loading=\"lazy\" src=\"https:\/\/www.facebook.com\/images\/emoji.php\/v9\/td8\/1\/16\/1f4f2.png\" alt=\"?\" width=\"16\" height=\"16\" \/><\/span> W razie pyta\u0144 prosimy o kontakt pod nr tel 608 661 245 lub mail biuro@karate-sochaczew.pl Oss<img decoding=\"async\" loading=\"lazy\" class=\"aligncenter size-full wp-image-1796\" src=\"http:\/\/www.karate-sochaczew.pl\/wp-content\/uploads\/2021\/09\/HARM-20202021.jpg\" alt=\"HARM 20202021\" width=\"2196\" height=\"1178\" srcset=\"http:\/\/www.karate-sochaczew.pl\/wp-content\/uploads\/2021\/09\/HARM-20202021.jpg 2196w, http:\/\/www.karate-sochaczew.pl\/wp-content\/uploads\/2021\/09\/HARM-20202021-300x161.jpg 300w, http:\/\/www.karate-sochaczew.pl\/wp-content\/uploads\/2021\/09\/HARM-20202021-768x412.jpg 768w, http:\/\/www.karate-sochaczew.pl\/wp-content\/uploads\/2021\/09\/HARM-20202021-1024x549.jpg 1024w\" sizes=\"(max-width: 2196px) 100vw, 2196px\" \/><\/div>\n","protected":false},"excerpt":{"rendered":"<p>UWAGA GOTOWI do STARTU Od \u015brody 8 wrze\u015bnia ruszamy z naszymi zaj\u0119ciami. Poni\u017cej podajemy miejsca, w kt\u00f3rych mo\u017cecie trenowa\u0107 KARATE razem z nami Szko\u0142a Podstawowa nr 1 w Sochaczewie ul. R. Kaczorowskiego 7 Szko\u0142a Podstawowa nr 2 w Sochaczewie ul. 15 Sierpnia 44 Szko\u0142a Podstawowa nr 6 w Sochaczewie ul. Staszica 106 Szko\u0142a Podstawowa w Brochowie Szko\u0142a Podstawowa w Lesznie<\/p>\n","protected":false},"author":1,"featured_media":0,"comment_status":"closed","ping_status":"closed","sticky":false,"template":"","format":"standard","meta":[],"categories":[1,15],"tags":[],"_links":{"self":[{"href":"http:\/\/www.karate-sochaczew.pl\/index.php\/wp-json\/wp\/v2\/posts\/1795"}],"collection":[{"href":"http:\/\/www.karate-sochaczew.pl\/index.php\/wp-json\/wp\/v2\/posts"}],"about":[{"href":"http:\/\/www.karate-sochaczew.pl\/index.php\/wp-json\/wp\/v2\/types\/post"}],"author":[{"embeddable":true,"href":"http:\/\/www.karate-sochaczew.pl\/index.php\/wp-json\/wp\/v2\/users\/1"}],"replies":[{"embeddable":true,"href":"http:\/\/www.karate-sochaczew.pl\/index.php\/wp-json\/wp\/v2\/comments?post=1795"}],"version-history":[{"count":2,"href":"http:\/\/www.karate-sochaczew.pl\/index.php\/wp-json\/wp\/v2\/posts\/1795\/revisions"}],"predecessor-version":[{"id":1798,"href":"http:\/\/www.karate-sochaczew.pl\/index.php\/wp-json\/wp\/v2\/posts\/1795\/revisions\/1798"}],"wp:attachment":[{"href":"http:\/\/www.karate-sochaczew.pl\/index.php\/wp-json\/wp\/v2\/media?parent=1795"}],"wp:term":[{"taxonomy":"category","embeddable":true,"href":"http:\/\/www.karate-sochaczew.pl\/index.php\/wp-json\/wp\/v2\/categories?post=1795"},{"taxonomy":"post_tag","embeddable":true,"href":"http:\/\/www.karate-sochaczew.pl\/index.php\/wp-json\/wp\/v2\/tags?post=1795"}],"curies":[{"name":"wp","href":"https:\/\/api.w.org\/{rel}","templated":true}]}}