{"id":1805,"date":"2021-09-07T14:56:41","date_gmt":"2021-09-07T12:56:41","guid":{"rendered":"http:\/\/www.karate-sochaczew.pl\/?p=1805"},"modified":"2021-09-07T14:56:41","modified_gmt":"2021-09-07T12:56:41","slug":"zgrupowanie-cos-opo-zakopane","status":"publish","type":"post","link":"http:\/\/www.karate-sochaczew.pl\/index.php\/2021\/09\/07\/zgrupowanie-cos-opo-zakopane\/","title":{"rendered":"Zgrupowanie COS OPO Zakopane"},"content":{"rendered":"<div dir=\"auto\">Zako\u0144czy\u0142o si\u0119 Letnie Gasshuku 2021<span class=\"pq6dq46d tbxw36s4 knj5qynh kvgmc6g5 ditlmg2l oygrvhab nvdbi5me sf5mxxl7 gl3lb2sf hhz5lgdu\"><img decoding=\"async\" loading=\"lazy\" src=\"https:\/\/static.xx.fbcdn.net\/images\/emoji.php\/v9\/t3f\/1\/16\/1f94b.png\" alt=\"?\" width=\"16\" height=\"16\" \/><\/span><span class=\"pq6dq46d tbxw36s4 knj5qynh kvgmc6g5 ditlmg2l oygrvhab nvdbi5me sf5mxxl7 gl3lb2sf hhz5lgdu\"><img decoding=\"async\" loading=\"lazy\" src=\"https:\/\/static.xx.fbcdn.net\/images\/emoji.php\/v9\/t6c\/1\/16\/1f4aa.png\" alt=\"?\" width=\"16\" height=\"16\" \/><\/span>, oraz Letnia edycja programu &#8222;Sportowy Talent &#8222;. W <a class=\"oajrlxb2 g5ia77u1 qu0x051f esr5mh6w e9989ue4 r7d6kgcz rq0escxv nhd2j8a9 nc684nl6 p7hjln8o kvgmc6g5 cxmmr5t8 oygrvhab hcukyx3x jb3vyjys rz4wbd8a qt6c0cv9 a8nywdso i1ao9s8h esuyzwwr f1sip0of lzcic4wl q66pz984 gpro0wi8 b1v8xokw\" tabindex=\"0\" href=\"https:\/\/www.facebook.com\/cosopozakopane\/?__cft__[0]=AZXFe38JSBDJRun7VpvfKdRsgWwwo235xpjkp8oHxsJ-6Hfa-uMdYoHn3a1f0qq_LFjmMCEhTpdzOqWtY1RE55ELhlCV_cX7op1n9IeLe6mJtBdFPMSGv1rXxQuJNCe9FjCYyKSlhwrRBoBNQkK-pFyIGf9ob_F6TgWr6kvfDWRhfrscUzt7h7jKCRsyMmtMK9A&amp;__tn__=kK-R\"><span class=\"nc684nl6\">COS OPO Zakopane<\/span><\/a> trenowa\u0142o 350 karatek\u00f3w z ca\u0142ego kraju. Nasz klub reprezentowali Anna Wysocka, Tomasz W\u0142odarczyk, Franciszek\u00a0 O\u0142tarzewski oraz oczywi\u015bcie sensei \u0141ukasz Klimczewski.<img decoding=\"async\" loading=\"lazy\" class=\"wp-image-1807 alignleft\" src=\"http:\/\/www.karate-sochaczew.pl\/wp-content\/uploads\/2021\/09\/241062116_3061412544109127_142571437630166809_n.jpg\" alt=\"241062116_3061412544109127_142571437630166809_n\" width=\"303\" height=\"227\" srcset=\"http:\/\/www.karate-sochaczew.pl\/wp-content\/uploads\/2021\/09\/241062116_3061412544109127_142571437630166809_n.jpg 960w, http:\/\/www.karate-sochaczew.pl\/wp-content\/uploads\/2021\/09\/241062116_3061412544109127_142571437630166809_n-300x225.jpg 300w, http:\/\/www.karate-sochaczew.pl\/wp-content\/uploads\/2021\/09\/241062116_3061412544109127_142571437630166809_n-768x576.jpg 768w\" sizes=\"(max-width: 303px) 100vw, 303px\" \/><\/div>\n<div dir=\"auto\"><img decoding=\"async\" loading=\"lazy\" class=\"wp-image-1806 alignleft\" src=\"http:\/\/www.karate-sochaczew.pl\/wp-content\/uploads\/2021\/09\/241262807_3061412167442498_7576916798886801435_n.jpg\" alt=\"241262807_3061412167442498_7576916798886801435_n\" width=\"251\" height=\"335\" srcset=\"http:\/\/www.karate-sochaczew.pl\/wp-content\/uploads\/2021\/09\/241262807_3061412167442498_7576916798886801435_n.jpg 720w, http:\/\/www.karate-sochaczew.pl\/wp-content\/uploads\/2021\/09\/241262807_3061412167442498_7576916798886801435_n-225x300.jpg 225w\" sizes=\"(max-width: 251px) 100vw, 251px\" \/><\/div>\n","protected":false},"excerpt":{"rendered":"<p>Zako\u0144czy\u0142o si\u0119 Letnie Gasshuku 2021, oraz Letnia edycja programu &#8222;Sportowy Talent &#8222;. W COS OPO Zakopane trenowa\u0142o 350 karatek\u00f3w z ca\u0142ego kraju. Nasz klub reprezentowali Anna Wysocka, Tomasz W\u0142odarczyk, Franciszek\u00a0 O\u0142tarzewski oraz oczywi\u015bcie sensei \u0141ukasz Klimczewski.<\/p>\n","protected":false},"author":1,"featured_media":0,"comment_status":"closed","ping_status":"closed","sticky":false,"template":"","format":"standard","meta":[],"categories":[1],"tags":[],"_links":{"self":[{"href":"http:\/\/www.karate-sochaczew.pl\/index.php\/wp-json\/wp\/v2\/posts\/1805"}],"collection":[{"href":"http:\/\/www.karate-sochaczew.pl\/index.php\/wp-json\/wp\/v2\/posts"}],"about":[{"href":"http:\/\/www.karate-sochaczew.pl\/index.php\/wp-json\/wp\/v2\/types\/post"}],"author":[{"embeddable":true,"href":"http:\/\/www.karate-sochaczew.pl\/index.php\/wp-json\/wp\/v2\/users\/1"}],"replies":[{"embeddable":true,"href":"http:\/\/www.karate-sochaczew.pl\/index.php\/wp-json\/wp\/v2\/comments?post=1805"}],"version-history":[{"count":1,"href":"http:\/\/www.karate-sochaczew.pl\/index.php\/wp-json\/wp\/v2\/posts\/1805\/revisions"}],"predecessor-version":[{"id":1808,"href":"http:\/\/www.karate-sochaczew.pl\/index.php\/wp-json\/wp\/v2\/posts\/1805\/revisions\/1808"}],"wp:attachment":[{"href":"http:\/\/www.karate-sochaczew.pl\/index.php\/wp-json\/wp\/v2\/media?parent=1805"}],"wp:term":[{"taxonomy":"category","embeddable":true,"href":"http:\/\/www.karate-sochaczew.pl\/index.php\/wp-json\/wp\/v2\/categories?post=1805"},{"taxonomy":"post_tag","embeddable":true,"href":"http:\/\/www.karate-sochaczew.pl\/index.php\/wp-json\/wp\/v2\/tags?post=1805"}],"curies":[{"name":"wp","href":"https:\/\/api.w.org\/{rel}","templated":true}]}}